{"id":1920,"date":"2016-11-03T08:48:11","date_gmt":"2016-11-03T08:48:11","guid":{"rendered":"http:\/\/edebex.com\/bien-rediger-vos-factures-pour-etre-paye-plus-vite\/"},"modified":"2020-02-21T15:25:12","modified_gmt":"2020-02-21T15:25:12","slug":"bien-rediger-vos-factures-pour-etre-paye-plus-vite","status":"publish","type":"post","link":"https:\/\/edebex.com\/fr-be\/blog\/bien-rediger-vos-factures-pour-etre-paye-plus-vite\/","title":{"rendered":"Bien r\u00e9diger vos factures pour \u00eatre pay\u00e9 plus vite"},"content":{"rendered":"<h4>Plus vos factures sont pr\u00e9cises, plus vous augmentez vos chances d\u2019\u00eatre pay\u00e9 rapidement. Quelques bonnes pratiques peuvent \u00e9viter bien des malentendus et retards de paiement dont votre tr\u00e9sorerie se passerait volontiers!<\/h4>\n<p>Comment \u00e9tablir une facture? Une question qui m\u00e9rite toute votre attention. Si la forme de la facture reste libre, elle doit imp\u00e9rativement reprendre un certain nombre d\u2019informations:<\/p>\n<ul>\n<li>La nature du bien ou de la prestation<\/li>\n<li>La quantit\u00e9, le prix et la TVA (si elle s\u2019applique)<\/li>\n<li>Le nom ou la d\u00e9nomination de votre entreprise, ainsi que l\u2019adresse et le num\u00e9ro d\u2019entreprise<\/li>\n<li>La date d\u2019\u00e9tablissement de la facture<\/li>\n<li>Le num\u00e9ro d\u2019ordre de la facture<\/li>\n<li>Et enfin, le num\u00e9ro d\u2019entreprise de votre client.<\/li>\n<\/ul>\n<p>\u00c0 partir de cette base, vous avez le champ libre, tant sur le fond que sur la forme. Alors, pourquoi vous en priver?<\/p>\n<h2>Forme libre? Profitez-en!<\/h2>\n<ol>\n<li><strong>Date d\u2019\u00e9ch\u00e9ance bien visible<\/strong>: Votre objectif doit \u00eatre clair: vous voulez \u00eatre pay\u00e9 rapidement. Indiquez donc de mani\u00e8re bien visible la date d\u2019\u00e9ch\u00e9ance de la facture.<\/li>\n<li><strong>Pr\u00e9venir les retards<\/strong>: Et si votre client ne paie pas \u00e0 temps? Pensez donc \u00e0 \u00e9galement mentionner les \u00e9ventuelles p\u00e9nalit\u00e9s de retard ou de non-paiement. Notez que si vous ne d\u00e9terminez pas de taux d\u2019int\u00e9r\u00eat de retard contractuellement ou au dans vos conditions g\u00e9n\u00e9rales, c\u2019est le taux l\u00e9gal qui s\u2019appliquera.<\/li>\n<li><strong>Facilitez le paiement<\/strong>: Mentionner vos coordonn\u00e9es bancaires compl\u00e8tes est \u00e9videmment fondamental.<\/li>\n<li><strong>Mettez en \u00e9vidence les \u00e9l\u00e9ments importants<\/strong>: Quelques \u00e9l\u00e9ments de forme peuvent \u00e9galement vous aider \u00e0 rendre votre facture plus lisible: faites, par exemple, ressortir en gras et en grand, le montant total, la date d\u2019\u00e9ch\u00e9ance et votre compte bancaire.<\/li>\n<\/ol>\n<h2>Mieux vaut pr\u00e9venir que gu\u00e9rir<\/h2>\n<p>Quelques bonnes habitudes permettent d\u2019\u00e9viter des malentendus g\u00e9n\u00e9rateurs de retard dans le paiement de vos factures. Certains de vos clients sous-traitent peut-\u00eatre le traitement de leurs factures \u00e0 des firmes sp\u00e9cialis\u00e9es, qui recourent dans la plupart des cas \u00e0 des logiciels de scanning automatique. En cas d\u2019erreur du montant factur\u00e9, de la r\u00e9f\u00e9rence de la facture ou encore de vos donn\u00e9es bancaires, vous risquez de voir votre facture mise en attente durant la r\u00e9gularisation administrative (contestation, note de cr\u00e9dit, etc.). Par ailleurs, n\u2019h\u00e9sitez pas \u00e0 prendre contact avec le comptable ou le service financier de votre client pour vous enqu\u00e9rir de mani\u00e8re pr\u00e9ventive de la r\u00e9ception et du caract\u00e8re complet de votre facture.<\/p>\n<h2>Facture \u00e9lectronique: un bon plan<\/h2>\n<p>Depuis 2013, les factures \u00e9lectroniques sont \u00e9quivalentes \u00e0 leurs homologues papier. Une alternative qui doit imp\u00e9rativement \u00eatre accept\u00e9e par votre client (par le paiement de la facture ou la signature pr\u00e9alable d\u2019un document sp\u00e9cifique). Quelques avantages \u00e0 la cl\u00e9:<\/p>\n<ul>\n<li>Vous assurez la r\u00e9ception imm\u00e9diate de la facture et donc une gestion plus rapide pour votre client. D\u2019autant plus s\u2019il utilise un logiciel qui les traite automatiquement<\/li>\n<li>Vous r\u00e9duisez vos frais d\u2019impression, d\u2019envoi et d\u2019archivage<\/li>\n<li>Vous diminuez votre charge de travail administrative ou celle de vos collaborateurs. Un gain de temps qui peut alors \u00eatre allou\u00e9 au suivi des factures\u2026 impay\u00e9es!<\/li>\n<\/ul>\n","protected":false},"excerpt":{"rendered":"<p>Plus vos factures sont pr\u00e9cises, plus vous augmentez vos chances d\u2019\u00eatre pay\u00e9 rapidement. Quelques bonnes pratiques peuvent \u00e9viter bien des malentendus et retards de paiement dont votre tr\u00e9sorerie se passerait volontiers! Comment \u00e9tablir une facture? Une question qui m\u00e9rite toute votre attention. Si la forme de la facture reste libre, elle doit imp\u00e9rativement reprendre un [&hellip;]<\/p>\n","protected":false},"author":3,"featured_media":1687,"comment_status":"open","ping_status":"open","sticky":false,"template":"","format":"standard","meta":{"_acf_changed":false,"footnotes":""},"categories":[209],"tags":[],"class_list":["post-1920","post","type-post","status-publish","format-standard","has-post-thumbnail","hentry","category-gestions-des-clients-fr-be"],"acf":[],"yoast_head":"<!-- This site is optimized with the Yoast SEO Premium plugin v27.1 (Yoast SEO v27.5) - https:\/\/yoast.com\/product\/yoast-seo-premium-wordpress\/ -->\n<title>Bien r\u00e9diger vos factures pour \u00eatre pay\u00e9 plus vite | Edebex<\/title>\n<meta name=\"description\" content=\"Savez-vous comment r\u00e9diger un bon de commande? Que devez-vous obligatoirement indiquer? Avez-vous pens\u00e9 \u00e0 joindre vos conditions g\u00e9n\u00e9rales de vente? Suivez nos conseils pour r\u00e9diger des bons de commande impeccables.\" \/>\n<meta name=\"robots\" content=\"index, follow, max-snippet:-1, max-image-preview:large, max-video-preview:-1\" \/>\n<link rel=\"canonical\" href=\"https:\/\/edebex.com\/fr-be\/blog\/bien-rediger-vos-factures-pour-etre-paye-plus-vite\/\" \/>\n<meta property=\"og:locale\" content=\"fr_FR\" \/>\n<meta property=\"og:type\" content=\"article\" \/>\n<meta property=\"og:title\" content=\"Bien r\u00e9diger vos factures pour \u00eatre pay\u00e9 plus vite\" \/>\n<meta property=\"og:description\" content=\"Savez-vous comment r\u00e9diger un bon de commande? Que devez-vous obligatoirement indiquer? Avez-vous pens\u00e9 \u00e0 joindre vos conditions g\u00e9n\u00e9rales de vente? Suivez nos conseils pour r\u00e9diger des bons de commande impeccables.\" \/>\n<meta property=\"og:url\" content=\"https:\/\/edebex.com\/fr-be\/blog\/bien-rediger-vos-factures-pour-etre-paye-plus-vite\/\" \/>\n<meta property=\"og:site_name\" content=\"edebex\" \/>\n<meta property=\"article:publisher\" content=\"https:\/\/www.facebook.com\/Edebex\" \/>\n<meta property=\"article:published_time\" content=\"2016-11-03T08:48:11+00:00\" \/>\n<meta property=\"article:modified_time\" content=\"2020-02-21T15:25:12+00:00\" \/>\n<meta property=\"og:image\" content=\"https:\/\/edebex.com\/wp-content\/uploads\/2020\/02\/70a3d26a0b885959313f64657333540e.jpg\" \/>\n\t<meta property=\"og:image:width\" content=\"1600\" \/>\n\t<meta property=\"og:image:height\" content=\"1067\" \/>\n\t<meta property=\"og:image:type\" content=\"image\/jpeg\" \/>\n<meta name=\"author\" content=\"Marketing Intern 1\" \/>\n<meta name=\"twitter:card\" content=\"summary_large_image\" \/>\n<meta name=\"twitter:creator\" content=\"@edebex\" \/>\n<meta name=\"twitter:site\" content=\"@edebex\" \/>\n<meta name=\"twitter:label1\" content=\"\u00c9crit par\" \/>\n\t<meta name=\"twitter:data1\" content=\"Marketing Intern 1\" \/>\n\t<meta name=\"twitter:label2\" content=\"Dur\u00e9e de lecture est.\" \/>\n\t<meta name=\"twitter:data2\" content=\"3 minutes\" \/>\n<script type=\"application\/ld+json\" class=\"yoast-schema-graph\">{\"@context\":\"https:\\\/\\\/schema.org\",\"@graph\":[{\"@type\":\"Article\",\"@id\":\"https:\\\/\\\/edebex.com\\\/fr-be\\\/blog\\\/bien-rediger-vos-factures-pour-etre-paye-plus-vite\\\/#article\",\"isPartOf\":{\"@id\":\"https:\\\/\\\/edebex.com\\\/fr-be\\\/blog\\\/bien-rediger-vos-factures-pour-etre-paye-plus-vite\\\/\"},\"author\":{\"name\":\"Marketing Intern 1\",\"@id\":\"https:\\\/\\\/edebex.com\\\/fr-be\\\/#\\\/schema\\\/person\\\/13d6bc294d9fa9bcae458814b9291252\"},\"headline\":\"Bien r\u00e9diger vos factures pour \u00eatre pay\u00e9 plus vite\",\"datePublished\":\"2016-11-03T08:48:11+00:00\",\"dateModified\":\"2020-02-21T15:25:12+00:00\",\"mainEntityOfPage\":{\"@id\":\"https:\\\/\\\/edebex.com\\\/fr-be\\\/blog\\\/bien-rediger-vos-factures-pour-etre-paye-plus-vite\\\/\"},\"wordCount\":560,\"commentCount\":0,\"publisher\":{\"@id\":\"https:\\\/\\\/edebex.com\\\/fr-be\\\/#organization\"},\"image\":{\"@id\":\"https:\\\/\\\/edebex.com\\\/fr-be\\\/blog\\\/bien-rediger-vos-factures-pour-etre-paye-plus-vite\\\/#primaryimage\"},\"thumbnailUrl\":\"https:\\\/\\\/edebex.com\\\/wp-content\\\/uploads\\\/2020\\\/02\\\/70a3d26a0b885959313f64657333540e.jpg\",\"articleSection\":[\"Gestion des clients\"],\"inLanguage\":\"fr-BE\",\"potentialAction\":[{\"@type\":\"CommentAction\",\"name\":\"Comment\",\"target\":[\"https:\\\/\\\/edebex.com\\\/fr-be\\\/blog\\\/bien-rediger-vos-factures-pour-etre-paye-plus-vite\\\/#respond\"]}]},{\"@type\":\"WebPage\",\"@id\":\"https:\\\/\\\/edebex.com\\\/fr-be\\\/blog\\\/bien-rediger-vos-factures-pour-etre-paye-plus-vite\\\/\",\"url\":\"https:\\\/\\\/edebex.com\\\/fr-be\\\/blog\\\/bien-rediger-vos-factures-pour-etre-paye-plus-vite\\\/\",\"name\":\"Bien r\u00e9diger vos factures pour \u00eatre pay\u00e9 plus vite | Edebex\",\"isPartOf\":{\"@id\":\"https:\\\/\\\/edebex.com\\\/fr-be\\\/#website\"},\"primaryImageOfPage\":{\"@id\":\"https:\\\/\\\/edebex.com\\\/fr-be\\\/blog\\\/bien-rediger-vos-factures-pour-etre-paye-plus-vite\\\/#primaryimage\"},\"image\":{\"@id\":\"https:\\\/\\\/edebex.com\\\/fr-be\\\/blog\\\/bien-rediger-vos-factures-pour-etre-paye-plus-vite\\\/#primaryimage\"},\"thumbnailUrl\":\"https:\\\/\\\/edebex.com\\\/wp-content\\\/uploads\\\/2020\\\/02\\\/70a3d26a0b885959313f64657333540e.jpg\",\"datePublished\":\"2016-11-03T08:48:11+00:00\",\"dateModified\":\"2020-02-21T15:25:12+00:00\",\"description\":\"Savez-vous comment r\u00e9diger un bon de commande? Que devez-vous obligatoirement indiquer? Avez-vous pens\u00e9 \u00e0 joindre vos conditions g\u00e9n\u00e9rales de vente? Suivez nos conseils pour r\u00e9diger des bons de commande impeccables.\",\"breadcrumb\":{\"@id\":\"https:\\\/\\\/edebex.com\\\/fr-be\\\/blog\\\/bien-rediger-vos-factures-pour-etre-paye-plus-vite\\\/#breadcrumb\"},\"inLanguage\":\"fr-BE\",\"potentialAction\":[{\"@type\":\"ReadAction\",\"target\":[\"https:\\\/\\\/edebex.com\\\/fr-be\\\/blog\\\/bien-rediger-vos-factures-pour-etre-paye-plus-vite\\\/\"]}]},{\"@type\":\"ImageObject\",\"inLanguage\":\"fr-BE\",\"@id\":\"https:\\\/\\\/edebex.com\\\/fr-be\\\/blog\\\/bien-rediger-vos-factures-pour-etre-paye-plus-vite\\\/#primaryimage\",\"url\":\"https:\\\/\\\/edebex.com\\\/wp-content\\\/uploads\\\/2020\\\/02\\\/70a3d26a0b885959313f64657333540e.jpg\",\"contentUrl\":\"https:\\\/\\\/edebex.com\\\/wp-content\\\/uploads\\\/2020\\\/02\\\/70a3d26a0b885959313f64657333540e.jpg\",\"width\":1600,\"height\":1067,\"caption\":\"r\u00e9diger-bons-de-commande\"},{\"@type\":\"BreadcrumbList\",\"@id\":\"https:\\\/\\\/edebex.com\\\/fr-be\\\/blog\\\/bien-rediger-vos-factures-pour-etre-paye-plus-vite\\\/#breadcrumb\",\"itemListElement\":[{\"@type\":\"ListItem\",\"position\":1,\"name\":\"Home\",\"item\":\"https:\\\/\\\/edebex.com\\\/fr-be\\\/\"},{\"@type\":\"ListItem\",\"position\":2,\"name\":\"Bien r\u00e9diger vos factures pour \u00eatre pay\u00e9 plus vite\"}]},{\"@type\":\"WebSite\",\"@id\":\"https:\\\/\\\/edebex.com\\\/fr-be\\\/#website\",\"url\":\"https:\\\/\\\/edebex.com\\\/fr-be\\\/\",\"name\":\"edebex - The digital alternative to factoring\",\"description\":\"beta\",\"publisher\":{\"@id\":\"https:\\\/\\\/edebex.com\\\/fr-be\\\/#organization\"},\"potentialAction\":[{\"@type\":\"SearchAction\",\"target\":{\"@type\":\"EntryPoint\",\"urlTemplate\":\"https:\\\/\\\/edebex.com\\\/fr-be\\\/?s={search_term_string}\"},\"query-input\":{\"@type\":\"PropertyValueSpecification\",\"valueRequired\":true,\"valueName\":\"search_term_string\"}}],\"inLanguage\":\"fr-BE\"},{\"@type\":\"Organization\",\"@id\":\"https:\\\/\\\/edebex.com\\\/fr-be\\\/#organization\",\"name\":\"Edebex\",\"url\":\"https:\\\/\\\/edebex.com\\\/fr-be\\\/\",\"logo\":{\"@type\":\"ImageObject\",\"inLanguage\":\"fr-BE\",\"@id\":\"https:\\\/\\\/edebex.com\\\/fr-be\\\/#\\\/schema\\\/logo\\\/image\\\/\",\"url\":\"https:\\\/\\\/edebex.com\\\/wp-content\\\/uploads\\\/2019\\\/12\\\/logo-edebex.png\",\"contentUrl\":\"https:\\\/\\\/edebex.com\\\/wp-content\\\/uploads\\\/2019\\\/12\\\/logo-edebex.png\",\"width\":464,\"height\":216,\"caption\":\"Edebex\"},\"image\":{\"@id\":\"https:\\\/\\\/edebex.com\\\/fr-be\\\/#\\\/schema\\\/logo\\\/image\\\/\"},\"sameAs\":[\"https:\\\/\\\/www.facebook.com\\\/Edebex\",\"https:\\\/\\\/x.com\\\/edebex\",\"https:\\\/\\\/www.instagram.com\\\/edebex_off\\\/\",\"https:\\\/\\\/www.linkedin.com\\\/company\\\/edebex\\\/\",\"https:\\\/\\\/www.youtube.com\\\/channel\\\/UC7KdkFY6t-CJvz5l6tTFAlw\"]},{\"@type\":\"Person\",\"@id\":\"https:\\\/\\\/edebex.com\\\/fr-be\\\/#\\\/schema\\\/person\\\/13d6bc294d9fa9bcae458814b9291252\",\"name\":\"Marketing Intern 1\",\"image\":{\"@type\":\"ImageObject\",\"inLanguage\":\"fr-BE\",\"@id\":\"https:\\\/\\\/secure.gravatar.com\\\/avatar\\\/f78a172b89243f94fd541dc2feccb23eb25e9f7c75cb68191c36f26b3ffc2731?s=96&d=mm&r=g\",\"url\":\"https:\\\/\\\/secure.gravatar.com\\\/avatar\\\/f78a172b89243f94fd541dc2feccb23eb25e9f7c75cb68191c36f26b3ffc2731?s=96&d=mm&r=g\",\"contentUrl\":\"https:\\\/\\\/secure.gravatar.com\\\/avatar\\\/f78a172b89243f94fd541dc2feccb23eb25e9f7c75cb68191c36f26b3ffc2731?s=96&d=mm&r=g\",\"caption\":\"Marketing Intern 1\"},\"url\":\"https:\\\/\\\/edebex.com\\\/fr-be\\\/blog\\\/author\\\/marketing-intern-1\\\/\"}]}<\/script>\n<!-- \/ Yoast SEO Premium plugin. -->","yoast_head_json":{"title":"Bien r\u00e9diger vos factures pour \u00eatre pay\u00e9 plus vite | Edebex","description":"Savez-vous comment r\u00e9diger un bon de commande? Que devez-vous obligatoirement indiquer? Avez-vous pens\u00e9 \u00e0 joindre vos conditions g\u00e9n\u00e9rales de vente? Suivez nos conseils pour r\u00e9diger des bons de commande impeccables.","robots":{"index":"index","follow":"follow","max-snippet":"max-snippet:-1","max-image-preview":"max-image-preview:large","max-video-preview":"max-video-preview:-1"},"canonical":"https:\/\/edebex.com\/fr-be\/blog\/bien-rediger-vos-factures-pour-etre-paye-plus-vite\/","og_locale":"fr_FR","og_type":"article","og_title":"Bien r\u00e9diger vos factures pour \u00eatre pay\u00e9 plus vite","og_description":"Savez-vous comment r\u00e9diger un bon de commande? Que devez-vous obligatoirement indiquer? Avez-vous pens\u00e9 \u00e0 joindre vos conditions g\u00e9n\u00e9rales de vente? Suivez nos conseils pour r\u00e9diger des bons de commande impeccables.","og_url":"https:\/\/edebex.com\/fr-be\/blog\/bien-rediger-vos-factures-pour-etre-paye-plus-vite\/","og_site_name":"edebex","article_publisher":"https:\/\/www.facebook.com\/Edebex","article_published_time":"2016-11-03T08:48:11+00:00","article_modified_time":"2020-02-21T15:25:12+00:00","og_image":[{"width":1600,"height":1067,"url":"https:\/\/edebex.com\/wp-content\/uploads\/2020\/02\/70a3d26a0b885959313f64657333540e.jpg","type":"image\/jpeg"}],"author":"Marketing Intern 1","twitter_card":"summary_large_image","twitter_creator":"@edebex","twitter_site":"@edebex","twitter_misc":{"\u00c9crit par":"Marketing Intern 1","Dur\u00e9e de lecture est.":"3 minutes"},"schema":{"@context":"https:\/\/schema.org","@graph":[{"@type":"Article","@id":"https:\/\/edebex.com\/fr-be\/blog\/bien-rediger-vos-factures-pour-etre-paye-plus-vite\/#article","isPartOf":{"@id":"https:\/\/edebex.com\/fr-be\/blog\/bien-rediger-vos-factures-pour-etre-paye-plus-vite\/"},"author":{"name":"Marketing Intern 1","@id":"https:\/\/edebex.com\/fr-be\/#\/schema\/person\/13d6bc294d9fa9bcae458814b9291252"},"headline":"Bien r\u00e9diger vos factures pour \u00eatre pay\u00e9 plus vite","datePublished":"2016-11-03T08:48:11+00:00","dateModified":"2020-02-21T15:25:12+00:00","mainEntityOfPage":{"@id":"https:\/\/edebex.com\/fr-be\/blog\/bien-rediger-vos-factures-pour-etre-paye-plus-vite\/"},"wordCount":560,"commentCount":0,"publisher":{"@id":"https:\/\/edebex.com\/fr-be\/#organization"},"image":{"@id":"https:\/\/edebex.com\/fr-be\/blog\/bien-rediger-vos-factures-pour-etre-paye-plus-vite\/#primaryimage"},"thumbnailUrl":"https:\/\/edebex.com\/wp-content\/uploads\/2020\/02\/70a3d26a0b885959313f64657333540e.jpg","articleSection":["Gestion des clients"],"inLanguage":"fr-BE","potentialAction":[{"@type":"CommentAction","name":"Comment","target":["https:\/\/edebex.com\/fr-be\/blog\/bien-rediger-vos-factures-pour-etre-paye-plus-vite\/#respond"]}]},{"@type":"WebPage","@id":"https:\/\/edebex.com\/fr-be\/blog\/bien-rediger-vos-factures-pour-etre-paye-plus-vite\/","url":"https:\/\/edebex.com\/fr-be\/blog\/bien-rediger-vos-factures-pour-etre-paye-plus-vite\/","name":"Bien r\u00e9diger vos factures pour \u00eatre pay\u00e9 plus vite | Edebex","isPartOf":{"@id":"https:\/\/edebex.com\/fr-be\/#website"},"primaryImageOfPage":{"@id":"https:\/\/edebex.com\/fr-be\/blog\/bien-rediger-vos-factures-pour-etre-paye-plus-vite\/#primaryimage"},"image":{"@id":"https:\/\/edebex.com\/fr-be\/blog\/bien-rediger-vos-factures-pour-etre-paye-plus-vite\/#primaryimage"},"thumbnailUrl":"https:\/\/edebex.com\/wp-content\/uploads\/2020\/02\/70a3d26a0b885959313f64657333540e.jpg","datePublished":"2016-11-03T08:48:11+00:00","dateModified":"2020-02-21T15:25:12+00:00","description":"Savez-vous comment r\u00e9diger un bon de commande? Que devez-vous obligatoirement indiquer? Avez-vous pens\u00e9 \u00e0 joindre vos conditions g\u00e9n\u00e9rales de vente? Suivez nos conseils pour r\u00e9diger des bons de commande impeccables.","breadcrumb":{"@id":"https:\/\/edebex.com\/fr-be\/blog\/bien-rediger-vos-factures-pour-etre-paye-plus-vite\/#breadcrumb"},"inLanguage":"fr-BE","potentialAction":[{"@type":"ReadAction","target":["https:\/\/edebex.com\/fr-be\/blog\/bien-rediger-vos-factures-pour-etre-paye-plus-vite\/"]}]},{"@type":"ImageObject","inLanguage":"fr-BE","@id":"https:\/\/edebex.com\/fr-be\/blog\/bien-rediger-vos-factures-pour-etre-paye-plus-vite\/#primaryimage","url":"https:\/\/edebex.com\/wp-content\/uploads\/2020\/02\/70a3d26a0b885959313f64657333540e.jpg","contentUrl":"https:\/\/edebex.com\/wp-content\/uploads\/2020\/02\/70a3d26a0b885959313f64657333540e.jpg","width":1600,"height":1067,"caption":"r\u00e9diger-bons-de-commande"},{"@type":"BreadcrumbList","@id":"https:\/\/edebex.com\/fr-be\/blog\/bien-rediger-vos-factures-pour-etre-paye-plus-vite\/#breadcrumb","itemListElement":[{"@type":"ListItem","position":1,"name":"Home","item":"https:\/\/edebex.com\/fr-be\/"},{"@type":"ListItem","position":2,"name":"Bien r\u00e9diger vos factures pour \u00eatre pay\u00e9 plus vite"}]},{"@type":"WebSite","@id":"https:\/\/edebex.com\/fr-be\/#website","url":"https:\/\/edebex.com\/fr-be\/","name":"edebex - The digital alternative to factoring","description":"beta","publisher":{"@id":"https:\/\/edebex.com\/fr-be\/#organization"},"potentialAction":[{"@type":"SearchAction","target":{"@type":"EntryPoint","urlTemplate":"https:\/\/edebex.com\/fr-be\/?s={search_term_string}"},"query-input":{"@type":"PropertyValueSpecification","valueRequired":true,"valueName":"search_term_string"}}],"inLanguage":"fr-BE"},{"@type":"Organization","@id":"https:\/\/edebex.com\/fr-be\/#organization","name":"Edebex","url":"https:\/\/edebex.com\/fr-be\/","logo":{"@type":"ImageObject","inLanguage":"fr-BE","@id":"https:\/\/edebex.com\/fr-be\/#\/schema\/logo\/image\/","url":"https:\/\/edebex.com\/wp-content\/uploads\/2019\/12\/logo-edebex.png","contentUrl":"https:\/\/edebex.com\/wp-content\/uploads\/2019\/12\/logo-edebex.png","width":464,"height":216,"caption":"Edebex"},"image":{"@id":"https:\/\/edebex.com\/fr-be\/#\/schema\/logo\/image\/"},"sameAs":["https:\/\/www.facebook.com\/Edebex","https:\/\/x.com\/edebex","https:\/\/www.instagram.com\/edebex_off\/","https:\/\/www.linkedin.com\/company\/edebex\/","https:\/\/www.youtube.com\/channel\/UC7KdkFY6t-CJvz5l6tTFAlw"]},{"@type":"Person","@id":"https:\/\/edebex.com\/fr-be\/#\/schema\/person\/13d6bc294d9fa9bcae458814b9291252","name":"Marketing Intern 1","image":{"@type":"ImageObject","inLanguage":"fr-BE","@id":"https:\/\/secure.gravatar.com\/avatar\/f78a172b89243f94fd541dc2feccb23eb25e9f7c75cb68191c36f26b3ffc2731?s=96&d=mm&r=g","url":"https:\/\/secure.gravatar.com\/avatar\/f78a172b89243f94fd541dc2feccb23eb25e9f7c75cb68191c36f26b3ffc2731?s=96&d=mm&r=g","contentUrl":"https:\/\/secure.gravatar.com\/avatar\/f78a172b89243f94fd541dc2feccb23eb25e9f7c75cb68191c36f26b3ffc2731?s=96&d=mm&r=g","caption":"Marketing Intern 1"},"url":"https:\/\/edebex.com\/fr-be\/blog\/author\/marketing-intern-1\/"}]}},"_links":{"self":[{"href":"https:\/\/edebex.com\/fr-be\/wp-json\/wp\/v2\/posts\/1920","targetHints":{"allow":["GET"]}}],"collection":[{"href":"https:\/\/edebex.com\/fr-be\/wp-json\/wp\/v2\/posts"}],"about":[{"href":"https:\/\/edebex.com\/fr-be\/wp-json\/wp\/v2\/types\/post"}],"author":[{"embeddable":true,"href":"https:\/\/edebex.com\/fr-be\/wp-json\/wp\/v2\/users\/3"}],"replies":[{"embeddable":true,"href":"https:\/\/edebex.com\/fr-be\/wp-json\/wp\/v2\/comments?post=1920"}],"version-history":[{"count":1,"href":"https:\/\/edebex.com\/fr-be\/wp-json\/wp\/v2\/posts\/1920\/revisions"}],"predecessor-version":[{"id":2134,"href":"https:\/\/edebex.com\/fr-be\/wp-json\/wp\/v2\/posts\/1920\/revisions\/2134"}],"wp:featuredmedia":[{"embeddable":true,"href":"https:\/\/edebex.com\/fr-be\/wp-json\/wp\/v2\/media\/1687"}],"wp:attachment":[{"href":"https:\/\/edebex.com\/fr-be\/wp-json\/wp\/v2\/media?parent=1920"}],"wp:term":[{"taxonomy":"category","embeddable":true,"href":"https:\/\/edebex.com\/fr-be\/wp-json\/wp\/v2\/categories?post=1920"},{"taxonomy":"post_tag","embeddable":true,"href":"https:\/\/edebex.com\/fr-be\/wp-json\/wp\/v2\/tags?post=1920"}],"curies":[{"name":"wp","href":"https:\/\/api.w.org\/{rel}","templated":true}]}}