{"id":2008,"date":"2017-08-02T09:55:31","date_gmt":"2017-08-02T09:55:31","guid":{"rendered":"http:\/\/edebex.com\/?p=2008"},"modified":"2021-01-10T21:08:43","modified_gmt":"2021-01-10T21:08:43","slug":"entrepreneurs-en-difficultes-pensez-au-ced","status":"publish","type":"post","link":"https:\/\/edebex.com\/fr-be\/blog\/entrepreneurs-en-difficultes-pensez-au-ced\/","title":{"rendered":"Entrepreneurs en difficult\u00e9s, pensez au CEd!"},"content":{"rendered":"<h4><strong>Le quotidien des conseillers du Centre pour Entreprises en difficult\u00e9s? Le soutien aux ind\u00e9pendants et aux entreprises traversant une phase difficile, des probl\u00e8mes de tr\u00e9sorerie aux conflits sociaux, en passant par les difficult\u00e9s personnelles.<\/strong><\/h4>\n<p>Le Centre pour Entreprises en difficult\u00e9 (CEd) est un service de la Chambre de Commerce &amp; Union des Entreprises de Bruxelles (BECI). Sa mission: soutenir les ind\u00e9pendants et les chefs d\u2019entreprise bruxellois face aux obstacles qui peuvent se pr\u00e9senter au cours de leur parcours professionnel. Et vous le savez, la vie d\u2019entrepreneur est sem\u00e9e d\u2019emb\u00fbches:<\/p>\n<ul>\n<li>Vous avez besoin de faire le point sur votre situation professionnelle?<\/li>\n<li>Vous avez des difficult\u00e9s de paiement?<\/li>\n<li>Un important client fait d\u00e9faut?<\/li>\n<li>Vous souhaitez red\u00e9finir votre strat\u00e9gie commerciale?<\/li>\n<\/ul>\n<p>Bref, vous traversez un passage difficile et vous peinez \u00e0 trouver des solutions\u2026 C\u2019est pr\u00e9cis\u00e9ment la raison d\u2019\u00eatre du CEd.\u00a0<i>\u00abJe suis actif depuis 20 ans en tant qu\u2019expert comptable sp\u00e9cialis\u00e9 en gestion et strat\u00e9gie pour les petites entreprises, et plus sp\u00e9cifiquement depuis 12 ans sur la gestion des entreprises en difficult\u00e9 \u00bb<\/i>, explique Olivier Kahn, coordinateur des activit\u00e9s du CEd.\u00a0<i>\u00abNous proposons aux ind\u00e9pendants et entreprises de la r\u00e9gion bruxelloise des services d\u2019information et de conseil enti\u00e8rement gratuits. Ils peuvent trouver chez nous un support dans un grand nombre de domaines, des soucis de tr\u00e9sorerie jusqu\u2019\u00e0 un conflit avec l\u2019un de leurs clients, en passant par une m\u00e9sentente entre associ\u00e9s\u2026 Ind\u00e9pendant (personne physique) ou soci\u00e9t\u00e9 (personne morale), quelle que soit la taille et le secteur d\u2019activit\u00e9, ils sont les bienvenus! Par ailleurs, pas besoin d\u2019\u00eatre membre de BECI pour pouvoir b\u00e9n\u00e9ficier de nos services\u00bb<\/i>.<\/p>\n<h2><strong>Un r\u00e9seau de partenaires efficaces \u00e0 votre disposition!<\/strong><\/h2>\n<p><i>\u00abNous sommes une \u00e9quipe pluridisciplinaire d\u2019une petite dizaine de personnes et nous traitons grosso modo 2000 demandes par an, allant du simple coup de t\u00e9l\u00e9phone au rendez-vous approfondi \u00bb, explique Olivier Kahn. \u00ab Nous ne sommes \u00e9videmment pas seuls. Des conseillers exp\u00e9riment\u00e9s, pour la plupart eux-m\u00eames anciens chefs d\u2019entreprise, analysent la situation des entreprises qui nous contactent et posent un premier diagnostic. Ensuite et en fonction de leurs besoins, ils les r\u00e9orientent rapidement vers notre r\u00e9seau de partenaires. Ces partenaires ont sign\u00e9 avec nous une charte de collaboration: ce sont des cabinets comptables, des avocats sp\u00e9cialis\u00e9s, des experts en strat\u00e9gie ou en marketing, des m\u00e9diateurs ou encore des conseillers sociaux. Il y a toujours un sp\u00e9cialiste pour \u00e9pauler efficacement l\u2019entrepreneur en difficult\u00e9. Et le CEd garantit \u00e9videmment une confidentialit\u00e9 absolue\u00bb<\/i>.<\/p>\n<h2><strong>Les difficult\u00e9s de paiement en t\u00eate des probl\u00e8mes<\/strong><\/h2>\n<p>Sans surprise, les difficult\u00e9s de paiement et les tensions de tr\u00e9sorerie arrivent sont les probl\u00e8mes les plus fr\u00e9quemment trait\u00e9s. Le CEd propose diff\u00e9rents types d\u2019accompagnement ou de conseils juridiques personnalis\u00e9s. Objectif : aider l\u2019entrepreneur \u00e0 redresser la barre dans la mesure du possible. Par exemple gr\u00e2ce \u00e0 un micro-cr\u00e9dit, en partenariat avec la coop\u00e9rative de cr\u00e9dit alternatif Credal, ou par le biais d\u2019un support dans une d\u00e9marche de financement plus classique. Mais si la faillite est in\u00e9vitable, le CEd guidera au mieux l\u2019entrepreneur dans l\u2019arr\u00eat progressif de ses activit\u00e9s.\u00a0<i>\u00abMalheureusement, les entrepreneurs nous contactent souvent un peu tard\u2026 voire trop tard\u00bb<\/i>, regrette Olivier Kahn.\u00a0<i>\u00abC\u2019est alors plus du sauvetage que de la pr\u00e9vention. Mais nous disposons aussi d\u2019un service comptable qui conseille les d\u00e9butants et jeunes entrepreneurs dans leur projet de cr\u00e9ation d\u2019activit\u00e9 (\u00e9laboration d\u2019un business plan par exemple\u2026)\u00bb<\/i>. Le CEd peut m\u00eame pr\u00eater main forte aux entreprises dans les domaines suivants:<\/p>\n<ul>\n<li>Pr\u00e9paration d\u2019un dossier d\u2019aide ou de financement aupr\u00e8s de la r\u00e9gion bruxelloise<\/li>\n<li>R\u00e9alisation et mise en place d\u2019un plan d\u2019apurement<\/li>\n<li>Diagnostic financier de r\u00e9duction des co\u00fbts<\/li>\n<li>Gestion commerciale<\/li>\n<\/ul>\n<p>Le CEd ne dispense pas de formation, mais peut r\u00e9pondre aux besoins des entreprises en la mati\u00e8re via le service formation de BECI ou de son r\u00e9seau de partenaires\u2026<\/p>\n<h2><strong>N\u2019attendez pas qu\u2019il soit trop tard !<\/strong><\/h2>\n<p>Le service\u00a0<i>\u00abt\u00e9l\u00e9-conseils pour entrepreneurs\u00bb<\/i>\u00a0est accessible 7 jours sur 7 et 24 heures sur 24 au 0800 99 978 (soutien psychologique). Pour la prise de rendez-vous, formez le 02 643 78 48. N\u2019h\u00e9sitez pas \u00e0 consulter le site\u00a0<a href=\"https:\/\/ced-com.be\/\" target=\"_blank\" rel=\"noopener noreferrer\">https:\/\/ced-com.be\/<\/a>\u00a0pour plus d\u2019informations.<\/p>\n","protected":false},"excerpt":{"rendered":"<p>Le quotidien des conseillers du Centre pour Entreprises en difficult\u00e9s? Le soutien aux ind\u00e9pendants et aux entreprises traversant une phase difficile, des probl\u00e8mes de tr\u00e9sorerie aux conflits sociaux, en passant par les difficult\u00e9s personnelles. Le Centre pour Entreprises en difficult\u00e9 (CEd) est un service de la Chambre de Commerce &amp; Union des Entreprises de Bruxelles [&hellip;]<\/p>\n","protected":false},"author":3,"featured_media":2010,"comment_status":"open","ping_status":"open","sticky":false,"template":"","format":"standard","meta":{"_acf_changed":false,"footnotes":""},"categories":[212],"tags":[],"class_list":["post-2008","post","type-post","status-publish","format-standard","has-post-thumbnail","hentry","category-financieel-beheer-nl-be"],"acf":[],"yoast_head":"<!-- This site is optimized with the Yoast SEO Premium plugin v27.1 (Yoast SEO v27.5) - https:\/\/yoast.com\/product\/yoast-seo-premium-wordpress\/ -->\n<title>Entrepreneurs en difficult\u00e9s, pensez au CEd! | Edebex<\/title>\n<meta name=\"description\" content=\"Votre entreprise rencontre des difficult\u00e9s? D\u00e9couvrez comment le Centre pour Entreprises en difficult\u00e9s (CEd) peut vous aider!\" \/>\n<meta name=\"robots\" content=\"index, follow, max-snippet:-1, max-image-preview:large, max-video-preview:-1\" \/>\n<link rel=\"canonical\" href=\"https:\/\/edebex.com\/fr-be\/blog\/entrepreneurs-en-difficultes-pensez-au-ced\/\" \/>\n<meta property=\"og:locale\" content=\"fr_FR\" \/>\n<meta property=\"og:type\" content=\"article\" \/>\n<meta property=\"og:title\" content=\"Entrepreneurs en difficult\u00e9s, pensez au CEd!\" \/>\n<meta property=\"og:description\" content=\"Votre entreprise rencontre des difficult\u00e9s? D\u00e9couvrez comment le Centre pour Entreprises en difficult\u00e9s (CEd) peut vous aider!\" \/>\n<meta property=\"og:url\" content=\"https:\/\/edebex.com\/fr-be\/blog\/entrepreneurs-en-difficultes-pensez-au-ced\/\" \/>\n<meta property=\"og:site_name\" content=\"edebex\" \/>\n<meta property=\"article:publisher\" content=\"https:\/\/www.facebook.com\/Edebex\" \/>\n<meta property=\"article:published_time\" content=\"2017-08-02T09:55:31+00:00\" \/>\n<meta property=\"article:modified_time\" content=\"2021-01-10T21:08:43+00:00\" \/>\n<meta property=\"og:image\" content=\"https:\/\/edebex.com\/wp-content\/uploads\/2020\/02\/170721-entreprise-difficulte-financement.jpg\" \/>\n\t<meta property=\"og:image:width\" content=\"1600\" \/>\n\t<meta property=\"og:image:height\" content=\"1067\" \/>\n\t<meta property=\"og:image:type\" content=\"image\/jpeg\" \/>\n<meta name=\"author\" content=\"Marketing Intern 1\" \/>\n<meta name=\"twitter:card\" content=\"summary_large_image\" \/>\n<meta name=\"twitter:creator\" content=\"@edebex\" \/>\n<meta name=\"twitter:site\" content=\"@edebex\" \/>\n<meta name=\"twitter:label1\" content=\"\u00c9crit par\" \/>\n\t<meta name=\"twitter:data1\" content=\"Marketing Intern 1\" \/>\n\t<meta name=\"twitter:label2\" content=\"Dur\u00e9e de lecture est.\" \/>\n\t<meta name=\"twitter:data2\" content=\"4 minutes\" \/>\n<script type=\"application\/ld+json\" class=\"yoast-schema-graph\">{\"@context\":\"https:\\\/\\\/schema.org\",\"@graph\":[{\"@type\":\"Article\",\"@id\":\"https:\\\/\\\/edebex.com\\\/fr-be\\\/blog\\\/entrepreneurs-en-difficultes-pensez-au-ced\\\/#article\",\"isPartOf\":{\"@id\":\"https:\\\/\\\/edebex.com\\\/fr-be\\\/blog\\\/entrepreneurs-en-difficultes-pensez-au-ced\\\/\"},\"author\":{\"name\":\"Marketing Intern 1\",\"@id\":\"https:\\\/\\\/edebex.com\\\/fr-be\\\/#\\\/schema\\\/person\\\/13d6bc294d9fa9bcae458814b9291252\"},\"headline\":\"Entrepreneurs en difficult\u00e9s, pensez au CEd!\",\"datePublished\":\"2017-08-02T09:55:31+00:00\",\"dateModified\":\"2021-01-10T21:08:43+00:00\",\"mainEntityOfPage\":{\"@id\":\"https:\\\/\\\/edebex.com\\\/fr-be\\\/blog\\\/entrepreneurs-en-difficultes-pensez-au-ced\\\/\"},\"wordCount\":759,\"commentCount\":0,\"publisher\":{\"@id\":\"https:\\\/\\\/edebex.com\\\/fr-be\\\/#organization\"},\"image\":{\"@id\":\"https:\\\/\\\/edebex.com\\\/fr-be\\\/blog\\\/entrepreneurs-en-difficultes-pensez-au-ced\\\/#primaryimage\"},\"thumbnailUrl\":\"https:\\\/\\\/edebex.com\\\/wp-content\\\/uploads\\\/2020\\\/02\\\/170721-entreprise-difficulte-financement.jpg\",\"articleSection\":[\"Financi\u00ebel beheer\"],\"inLanguage\":\"fr-BE\",\"potentialAction\":[{\"@type\":\"CommentAction\",\"name\":\"Comment\",\"target\":[\"https:\\\/\\\/edebex.com\\\/fr-be\\\/blog\\\/entrepreneurs-en-difficultes-pensez-au-ced\\\/#respond\"]}]},{\"@type\":\"WebPage\",\"@id\":\"https:\\\/\\\/edebex.com\\\/fr-be\\\/blog\\\/entrepreneurs-en-difficultes-pensez-au-ced\\\/\",\"url\":\"https:\\\/\\\/edebex.com\\\/fr-be\\\/blog\\\/entrepreneurs-en-difficultes-pensez-au-ced\\\/\",\"name\":\"Entrepreneurs en difficult\u00e9s, pensez au CEd! | Edebex\",\"isPartOf\":{\"@id\":\"https:\\\/\\\/edebex.com\\\/fr-be\\\/#website\"},\"primaryImageOfPage\":{\"@id\":\"https:\\\/\\\/edebex.com\\\/fr-be\\\/blog\\\/entrepreneurs-en-difficultes-pensez-au-ced\\\/#primaryimage\"},\"image\":{\"@id\":\"https:\\\/\\\/edebex.com\\\/fr-be\\\/blog\\\/entrepreneurs-en-difficultes-pensez-au-ced\\\/#primaryimage\"},\"thumbnailUrl\":\"https:\\\/\\\/edebex.com\\\/wp-content\\\/uploads\\\/2020\\\/02\\\/170721-entreprise-difficulte-financement.jpg\",\"datePublished\":\"2017-08-02T09:55:31+00:00\",\"dateModified\":\"2021-01-10T21:08:43+00:00\",\"description\":\"Votre entreprise rencontre des difficult\u00e9s? D\u00e9couvrez comment le Centre pour Entreprises en difficult\u00e9s (CEd) peut vous aider!\",\"breadcrumb\":{\"@id\":\"https:\\\/\\\/edebex.com\\\/fr-be\\\/blog\\\/entrepreneurs-en-difficultes-pensez-au-ced\\\/#breadcrumb\"},\"inLanguage\":\"fr-BE\",\"potentialAction\":[{\"@type\":\"ReadAction\",\"target\":[\"https:\\\/\\\/edebex.com\\\/fr-be\\\/blog\\\/entrepreneurs-en-difficultes-pensez-au-ced\\\/\"]}]},{\"@type\":\"ImageObject\",\"inLanguage\":\"fr-BE\",\"@id\":\"https:\\\/\\\/edebex.com\\\/fr-be\\\/blog\\\/entrepreneurs-en-difficultes-pensez-au-ced\\\/#primaryimage\",\"url\":\"https:\\\/\\\/edebex.com\\\/wp-content\\\/uploads\\\/2020\\\/02\\\/170721-entreprise-difficulte-financement.jpg\",\"contentUrl\":\"https:\\\/\\\/edebex.com\\\/wp-content\\\/uploads\\\/2020\\\/02\\\/170721-entreprise-difficulte-financement.jpg\",\"width\":1600,\"height\":1067,\"caption\":\"entreprise-difficulte-financement-CEd\"},{\"@type\":\"BreadcrumbList\",\"@id\":\"https:\\\/\\\/edebex.com\\\/fr-be\\\/blog\\\/entrepreneurs-en-difficultes-pensez-au-ced\\\/#breadcrumb\",\"itemListElement\":[{\"@type\":\"ListItem\",\"position\":1,\"name\":\"Home\",\"item\":\"https:\\\/\\\/edebex.com\\\/fr-be\\\/\"},{\"@type\":\"ListItem\",\"position\":2,\"name\":\"Entrepreneurs en difficult\u00e9s, pensez au CEd!\"}]},{\"@type\":\"WebSite\",\"@id\":\"https:\\\/\\\/edebex.com\\\/fr-be\\\/#website\",\"url\":\"https:\\\/\\\/edebex.com\\\/fr-be\\\/\",\"name\":\"edebex - The digital alternative to factoring\",\"description\":\"beta\",\"publisher\":{\"@id\":\"https:\\\/\\\/edebex.com\\\/fr-be\\\/#organization\"},\"potentialAction\":[{\"@type\":\"SearchAction\",\"target\":{\"@type\":\"EntryPoint\",\"urlTemplate\":\"https:\\\/\\\/edebex.com\\\/fr-be\\\/?s={search_term_string}\"},\"query-input\":{\"@type\":\"PropertyValueSpecification\",\"valueRequired\":true,\"valueName\":\"search_term_string\"}}],\"inLanguage\":\"fr-BE\"},{\"@type\":\"Organization\",\"@id\":\"https:\\\/\\\/edebex.com\\\/fr-be\\\/#organization\",\"name\":\"Edebex\",\"url\":\"https:\\\/\\\/edebex.com\\\/fr-be\\\/\",\"logo\":{\"@type\":\"ImageObject\",\"inLanguage\":\"fr-BE\",\"@id\":\"https:\\\/\\\/edebex.com\\\/fr-be\\\/#\\\/schema\\\/logo\\\/image\\\/\",\"url\":\"https:\\\/\\\/edebex.com\\\/wp-content\\\/uploads\\\/2019\\\/12\\\/logo-edebex.png\",\"contentUrl\":\"https:\\\/\\\/edebex.com\\\/wp-content\\\/uploads\\\/2019\\\/12\\\/logo-edebex.png\",\"width\":464,\"height\":216,\"caption\":\"Edebex\"},\"image\":{\"@id\":\"https:\\\/\\\/edebex.com\\\/fr-be\\\/#\\\/schema\\\/logo\\\/image\\\/\"},\"sameAs\":[\"https:\\\/\\\/www.facebook.com\\\/Edebex\",\"https:\\\/\\\/x.com\\\/edebex\",\"https:\\\/\\\/www.instagram.com\\\/edebex_off\\\/\",\"https:\\\/\\\/www.linkedin.com\\\/company\\\/edebex\\\/\",\"https:\\\/\\\/www.youtube.com\\\/channel\\\/UC7KdkFY6t-CJvz5l6tTFAlw\"]},{\"@type\":\"Person\",\"@id\":\"https:\\\/\\\/edebex.com\\\/fr-be\\\/#\\\/schema\\\/person\\\/13d6bc294d9fa9bcae458814b9291252\",\"name\":\"Marketing Intern 1\",\"image\":{\"@type\":\"ImageObject\",\"inLanguage\":\"fr-BE\",\"@id\":\"https:\\\/\\\/secure.gravatar.com\\\/avatar\\\/f78a172b89243f94fd541dc2feccb23eb25e9f7c75cb68191c36f26b3ffc2731?s=96&d=mm&r=g\",\"url\":\"https:\\\/\\\/secure.gravatar.com\\\/avatar\\\/f78a172b89243f94fd541dc2feccb23eb25e9f7c75cb68191c36f26b3ffc2731?s=96&d=mm&r=g\",\"contentUrl\":\"https:\\\/\\\/secure.gravatar.com\\\/avatar\\\/f78a172b89243f94fd541dc2feccb23eb25e9f7c75cb68191c36f26b3ffc2731?s=96&d=mm&r=g\",\"caption\":\"Marketing Intern 1\"},\"url\":\"https:\\\/\\\/edebex.com\\\/fr-be\\\/blog\\\/author\\\/marketing-intern-1\\\/\"}]}<\/script>\n<!-- \/ Yoast SEO Premium plugin. -->","yoast_head_json":{"title":"Entrepreneurs en difficult\u00e9s, pensez au CEd! | Edebex","description":"Votre entreprise rencontre des difficult\u00e9s? D\u00e9couvrez comment le Centre pour Entreprises en difficult\u00e9s (CEd) peut vous aider!","robots":{"index":"index","follow":"follow","max-snippet":"max-snippet:-1","max-image-preview":"max-image-preview:large","max-video-preview":"max-video-preview:-1"},"canonical":"https:\/\/edebex.com\/fr-be\/blog\/entrepreneurs-en-difficultes-pensez-au-ced\/","og_locale":"fr_FR","og_type":"article","og_title":"Entrepreneurs en difficult\u00e9s, pensez au CEd!","og_description":"Votre entreprise rencontre des difficult\u00e9s? D\u00e9couvrez comment le Centre pour Entreprises en difficult\u00e9s (CEd) peut vous aider!","og_url":"https:\/\/edebex.com\/fr-be\/blog\/entrepreneurs-en-difficultes-pensez-au-ced\/","og_site_name":"edebex","article_publisher":"https:\/\/www.facebook.com\/Edebex","article_published_time":"2017-08-02T09:55:31+00:00","article_modified_time":"2021-01-10T21:08:43+00:00","og_image":[{"width":1600,"height":1067,"url":"https:\/\/edebex.com\/wp-content\/uploads\/2020\/02\/170721-entreprise-difficulte-financement.jpg","type":"image\/jpeg"}],"author":"Marketing Intern 1","twitter_card":"summary_large_image","twitter_creator":"@edebex","twitter_site":"@edebex","twitter_misc":{"\u00c9crit par":"Marketing Intern 1","Dur\u00e9e de lecture est.":"4 minutes"},"schema":{"@context":"https:\/\/schema.org","@graph":[{"@type":"Article","@id":"https:\/\/edebex.com\/fr-be\/blog\/entrepreneurs-en-difficultes-pensez-au-ced\/#article","isPartOf":{"@id":"https:\/\/edebex.com\/fr-be\/blog\/entrepreneurs-en-difficultes-pensez-au-ced\/"},"author":{"name":"Marketing Intern 1","@id":"https:\/\/edebex.com\/fr-be\/#\/schema\/person\/13d6bc294d9fa9bcae458814b9291252"},"headline":"Entrepreneurs en difficult\u00e9s, pensez au CEd!","datePublished":"2017-08-02T09:55:31+00:00","dateModified":"2021-01-10T21:08:43+00:00","mainEntityOfPage":{"@id":"https:\/\/edebex.com\/fr-be\/blog\/entrepreneurs-en-difficultes-pensez-au-ced\/"},"wordCount":759,"commentCount":0,"publisher":{"@id":"https:\/\/edebex.com\/fr-be\/#organization"},"image":{"@id":"https:\/\/edebex.com\/fr-be\/blog\/entrepreneurs-en-difficultes-pensez-au-ced\/#primaryimage"},"thumbnailUrl":"https:\/\/edebex.com\/wp-content\/uploads\/2020\/02\/170721-entreprise-difficulte-financement.jpg","articleSection":["Financi\u00ebel beheer"],"inLanguage":"fr-BE","potentialAction":[{"@type":"CommentAction","name":"Comment","target":["https:\/\/edebex.com\/fr-be\/blog\/entrepreneurs-en-difficultes-pensez-au-ced\/#respond"]}]},{"@type":"WebPage","@id":"https:\/\/edebex.com\/fr-be\/blog\/entrepreneurs-en-difficultes-pensez-au-ced\/","url":"https:\/\/edebex.com\/fr-be\/blog\/entrepreneurs-en-difficultes-pensez-au-ced\/","name":"Entrepreneurs en difficult\u00e9s, pensez au CEd! | Edebex","isPartOf":{"@id":"https:\/\/edebex.com\/fr-be\/#website"},"primaryImageOfPage":{"@id":"https:\/\/edebex.com\/fr-be\/blog\/entrepreneurs-en-difficultes-pensez-au-ced\/#primaryimage"},"image":{"@id":"https:\/\/edebex.com\/fr-be\/blog\/entrepreneurs-en-difficultes-pensez-au-ced\/#primaryimage"},"thumbnailUrl":"https:\/\/edebex.com\/wp-content\/uploads\/2020\/02\/170721-entreprise-difficulte-financement.jpg","datePublished":"2017-08-02T09:55:31+00:00","dateModified":"2021-01-10T21:08:43+00:00","description":"Votre entreprise rencontre des difficult\u00e9s? D\u00e9couvrez comment le Centre pour Entreprises en difficult\u00e9s (CEd) peut vous aider!","breadcrumb":{"@id":"https:\/\/edebex.com\/fr-be\/blog\/entrepreneurs-en-difficultes-pensez-au-ced\/#breadcrumb"},"inLanguage":"fr-BE","potentialAction":[{"@type":"ReadAction","target":["https:\/\/edebex.com\/fr-be\/blog\/entrepreneurs-en-difficultes-pensez-au-ced\/"]}]},{"@type":"ImageObject","inLanguage":"fr-BE","@id":"https:\/\/edebex.com\/fr-be\/blog\/entrepreneurs-en-difficultes-pensez-au-ced\/#primaryimage","url":"https:\/\/edebex.com\/wp-content\/uploads\/2020\/02\/170721-entreprise-difficulte-financement.jpg","contentUrl":"https:\/\/edebex.com\/wp-content\/uploads\/2020\/02\/170721-entreprise-difficulte-financement.jpg","width":1600,"height":1067,"caption":"entreprise-difficulte-financement-CEd"},{"@type":"BreadcrumbList","@id":"https:\/\/edebex.com\/fr-be\/blog\/entrepreneurs-en-difficultes-pensez-au-ced\/#breadcrumb","itemListElement":[{"@type":"ListItem","position":1,"name":"Home","item":"https:\/\/edebex.com\/fr-be\/"},{"@type":"ListItem","position":2,"name":"Entrepreneurs en difficult\u00e9s, pensez au CEd!"}]},{"@type":"WebSite","@id":"https:\/\/edebex.com\/fr-be\/#website","url":"https:\/\/edebex.com\/fr-be\/","name":"edebex - The digital alternative to factoring","description":"beta","publisher":{"@id":"https:\/\/edebex.com\/fr-be\/#organization"},"potentialAction":[{"@type":"SearchAction","target":{"@type":"EntryPoint","urlTemplate":"https:\/\/edebex.com\/fr-be\/?s={search_term_string}"},"query-input":{"@type":"PropertyValueSpecification","valueRequired":true,"valueName":"search_term_string"}}],"inLanguage":"fr-BE"},{"@type":"Organization","@id":"https:\/\/edebex.com\/fr-be\/#organization","name":"Edebex","url":"https:\/\/edebex.com\/fr-be\/","logo":{"@type":"ImageObject","inLanguage":"fr-BE","@id":"https:\/\/edebex.com\/fr-be\/#\/schema\/logo\/image\/","url":"https:\/\/edebex.com\/wp-content\/uploads\/2019\/12\/logo-edebex.png","contentUrl":"https:\/\/edebex.com\/wp-content\/uploads\/2019\/12\/logo-edebex.png","width":464,"height":216,"caption":"Edebex"},"image":{"@id":"https:\/\/edebex.com\/fr-be\/#\/schema\/logo\/image\/"},"sameAs":["https:\/\/www.facebook.com\/Edebex","https:\/\/x.com\/edebex","https:\/\/www.instagram.com\/edebex_off\/","https:\/\/www.linkedin.com\/company\/edebex\/","https:\/\/www.youtube.com\/channel\/UC7KdkFY6t-CJvz5l6tTFAlw"]},{"@type":"Person","@id":"https:\/\/edebex.com\/fr-be\/#\/schema\/person\/13d6bc294d9fa9bcae458814b9291252","name":"Marketing Intern 1","image":{"@type":"ImageObject","inLanguage":"fr-BE","@id":"https:\/\/secure.gravatar.com\/avatar\/f78a172b89243f94fd541dc2feccb23eb25e9f7c75cb68191c36f26b3ffc2731?s=96&d=mm&r=g","url":"https:\/\/secure.gravatar.com\/avatar\/f78a172b89243f94fd541dc2feccb23eb25e9f7c75cb68191c36f26b3ffc2731?s=96&d=mm&r=g","contentUrl":"https:\/\/secure.gravatar.com\/avatar\/f78a172b89243f94fd541dc2feccb23eb25e9f7c75cb68191c36f26b3ffc2731?s=96&d=mm&r=g","caption":"Marketing Intern 1"},"url":"https:\/\/edebex.com\/fr-be\/blog\/author\/marketing-intern-1\/"}]}},"_links":{"self":[{"href":"https:\/\/edebex.com\/fr-be\/wp-json\/wp\/v2\/posts\/2008","targetHints":{"allow":["GET"]}}],"collection":[{"href":"https:\/\/edebex.com\/fr-be\/wp-json\/wp\/v2\/posts"}],"about":[{"href":"https:\/\/edebex.com\/fr-be\/wp-json\/wp\/v2\/types\/post"}],"author":[{"embeddable":true,"href":"https:\/\/edebex.com\/fr-be\/wp-json\/wp\/v2\/users\/3"}],"replies":[{"embeddable":true,"href":"https:\/\/edebex.com\/fr-be\/wp-json\/wp\/v2\/comments?post=2008"}],"version-history":[{"count":2,"href":"https:\/\/edebex.com\/fr-be\/wp-json\/wp\/v2\/posts\/2008\/revisions"}],"predecessor-version":[{"id":6031,"href":"https:\/\/edebex.com\/fr-be\/wp-json\/wp\/v2\/posts\/2008\/revisions\/6031"}],"wp:featuredmedia":[{"embeddable":true,"href":"https:\/\/edebex.com\/fr-be\/wp-json\/wp\/v2\/media\/2010"}],"wp:attachment":[{"href":"https:\/\/edebex.com\/fr-be\/wp-json\/wp\/v2\/media?parent=2008"}],"wp:term":[{"taxonomy":"category","embeddable":true,"href":"https:\/\/edebex.com\/fr-be\/wp-json\/wp\/v2\/categories?post=2008"},{"taxonomy":"post_tag","embeddable":true,"href":"https:\/\/edebex.com\/fr-be\/wp-json\/wp\/v2\/tags?post=2008"}],"curies":[{"name":"wp","href":"https:\/\/api.w.org\/{rel}","templated":true}]}}