{"id":2307,"date":"2020-01-22T14:39:47","date_gmt":"2020-01-22T14:39:47","guid":{"rendered":"http:\/\/edebex.com\/le-retard-de-paiement-au-sein-des-pme-belges\/"},"modified":"2021-01-22T14:10:05","modified_gmt":"2021-01-22T13:10:05","slug":"le-retard-de-paiement-au-sein-des-pme-belges","status":"publish","type":"post","link":"https:\/\/edebex.com\/fr-be\/blog\/le-retard-de-paiement-au-sein-des-pme-belges\/","title":{"rendered":"Le retard de paiement au sein des PME belges"},"content":{"rendered":"<p><strong>Votre client paiera-t-il votre facture\u00a0dans les temps ? C\u2019est loin d\u2019\u00eatre gagn\u00e9. En Belgique, de nombreuses entreprises \u00ab\u00a0laissent\u00a0\u00bb encore trainer leurs factures : ainsi 30\u00a0% d\u2019entre elles sont r\u00e9gl\u00e9es apr\u00e8s \u00e9ch\u00e9ance. Des <\/strong><strong>d\u00e9lais de paiement qui finissent par peser lourdement sur votre tr\u00e9sorerie.\u00a0 <\/strong><\/p>\n<p>Vous livrez votre client et pr\u00e9parez soigneusement votre facture. Vous avez effectu\u00e9 votre part du contrat, mais demeure une question\u00a0: quand serez-vous pay\u00e9\u00a0? Malgr\u00e9 l\u2019\u00e9ch\u00e9ance fix\u00e9e, les semaines s\u2019\u00e9coulent, les d\u00e9lais de paiement s\u2019allongent, et, en d\u00e9pit de vos relances, vous ne voyez toujours pas la couleur de l\u2019argent. Pendant ce temps, vous avez besoin de tr\u00e9sorerie pour poursuivre votre activit\u00e9 et r\u00e9gler vos propres fournisseurs, mais aussi pour faire face \u00e0 vos obligations ou r\u00e9aliser des investissements. M\u00eame si votre d\u00fb finit par rentrer dans vos comptes, de l\u2019eau aura coul\u00e9 sous les ponts\u2026 Un v\u00e9ritable fl\u00e9au, v\u00e9cu par la plupart des PME, qui cr\u00e9e d\u2019in\u00e9vitables tensions sur votre tr\u00e9sorerie.<\/p>\n<h3><strong>Trop tard\u00a0? 30\u00a0% des factures<\/strong><\/h3>\n<p>D\u2019apr\u00e8s les <a href=\"https:\/\/www.lecho.be\/actualite\/archive\/l-etat-a-repris-la-mauvaise-habitude-de-payer-en-retard\/10099957.html\">donn\u00e9es r\u00e9colt\u00e9es par le bureau d\u2019informations commerciales Graydon<\/a>, pr\u00e8s de trois factures sur dix sont r\u00e9gl\u00e9es hors d\u00e9lais, avec des retards plus ou moins longs. Pire\u00a0que cela, 10\u00a0% des cr\u00e9ances en souffrance restent \u00e0 jamais lettre morte. La situation est encore plus grave dans certains secteurs, o\u00f9 la ponctualit\u00e9 fait cruellement d\u00e9faut. Ainsi, dans celui de la restauration et des d\u00e9bits de boisson, plus d\u2019un quart des factures sont honor\u00e9es au-del\u00e0 des 90 jours apr\u00e8s \u00e9ch\u00e9ance. Les PME sont \u00e9videmment les plus expos\u00e9es, mais c\u2019est toute l\u2019\u00e9conomie nationale qui en p\u00e2tit\u00a0: toujours selon Graydon, <a href=\"https:\/\/graydon.be\/fr\/presse\/la-qualite-de-paiement-des-entreprises-belges-connu-un-revirement-de-situation-en-2018\">ces retards de paiement co\u00fbtent 10 milliards d\u2019euros par an<\/a> aux entreprises belges, soit l\u2019\u00e9quivalent de 20\u2009000 emplois. Dans le m\u00eame sens, une <a href=\"https:\/\/blog.altares.com\/2019\/06\/11\/etude-sur-les-comportements-de-paiement-dans-le-monde-2019\/\">\u00e9tude Cribis Dun &amp; Bradstreet, sur les comportements de paiement \u00e0 l\u2019\u00e9chelle mondiale<\/a>, estime que seules 40,6\u00a0% des factures nationales sont acquitt\u00e9es dans les 30 jours r\u00e9glementaires\u2026<\/p>\n<h3><strong>Que dit la loi\u00a0?<\/strong><\/h3>\n<p>La r\u00e9glementation est tr\u00e8s claire : le d\u00e9lai de paiement l\u00e9gal entre entreprises est de 30 jours calendrier. Le fruit d\u2019une l\u00e9gislation entr\u00e9e en vigueur en 2013, et issue d\u2019une directive europ\u00e9enne, dont le but \u00e9tait pr\u00e9cis\u00e9ment de renforcer la lutte contre les retards de paiement. Force de constater qu\u2019on est parfois bien loin des 30 jours. Et pour cause, cette loi pr\u00e9voit aussi des d\u00e9rogations. Ainsi les parties peuvent se mettre d\u2019accord sur une \u00e9ch\u00e9ance plus longue\u00a0: de maximum 60 jours calendrier. En pratique, cette facult\u00e9 de n\u00e9gociation peut pencher en faveur des plus \u00ab\u00a0gros\u00a0\u00bb acteurs\u2026 Une autre \u00ab\u00a0subtilit\u00e9\u00a0\u00bb l\u00e9gislative\u00a0? <a href=\"https:\/\/www.lecho.be\/economie-politique\/belgique\/economie\/la-directive-sur-les-delais-de-paiement-allegrement-contournee\/9903249.html\">Dans le cas de contrats \u00ab\u00a0complexes\u00a0\u00bb<\/a>, n\u00e9cessitant un temps plus long de v\u00e9rification ou d\u2019acceptation de la facture, les d\u00e9lais de paiement peuvent \u00eatre d\u00e9cal\u00e9s. Certes, le contexte est plus favorable qu\u2019en 2013, mais les retards de paiement continuent de miner la sant\u00e9 financi\u00e8re de nombreuses PME.<\/p>\n<h3><strong>Prenez les choses en main\u2026<\/strong><\/h3>\n<p>Dans ce contexte, il ne faut pas faire l\u2019autruche. Au contraire, vous disposez de leviers pour agir, \u00e0 la fois sur vos d\u00e9lais de paiement et sur votre <a href=\"https:\/\/edebex.com\/fr\/blog\/retards-et-impayes-mieux-vaut-tard-que-jamais\/\">politique de relance des impay\u00e9s<\/a>. Des <a href=\"https:\/\/edebex.com\/fr\/blog\/comment-decider-des-delais-de-paiement-de-vos-clients\/\">mati\u00e8res qui m\u00e9ritent toute votre attention<\/a> ainsi qu\u2019une v\u00e9ritable r\u00e9flexion strat\u00e9gique\u2026<\/p>\n<ul>\n<li>Commencez par indiquer clairement vos conditions sur tous vos documents\u00a0: contrats, factures, conditions g\u00e9n\u00e9rales de vente, bons de commande, etc.<\/li>\n<li>Ensuite\u00a0? Abordez la question des d\u00e9lais de paiement dans chacune de vos n\u00e9gociations commerciales. Que ce soit avec un nouveau client, mais aussi avec vos partenaires r\u00e9currents\u00a0: <a href=\"https:\/\/edebex.com\/fr\/blog\/4-astuces-pour-raccourcir-les-delais-de-paiement-de-vos-clients\/\">il n\u2019est jamais trop tard pour vous mettre \u00e0 table<\/a> pour essayer d\u2019avancer vos rentr\u00e9es de cash.<\/li>\n<li>Du c\u00f4t\u00e9 de vos fournisseurs\u00a0? M\u00eame topo, dans le sens inverse : <a href=\"https:\/\/edebex.com\/blog\/gestion-des-fournisseurs\/gestion-de-tresorerie-comment-negocier-vos-delais-de-paiement-avec-vos-fournisseurs\">tentez d\u2019allonger les d\u00e9lais<\/a>.<\/li>\n<li><em>Le dernier, mais non des moindres<\/em>, une fois vos factures envoy\u00e9es, suivez cela de tr\u00e8s pr\u00e8s\u00a0!<\/li>\n<\/ul>\n<p>Bien entendu, vous ne serez pas toujours en position d\u2019imposer vos conditions\u2026 mais rappelez-vous que vous disposez d\u2019autres outils pour jongler avec vos besoins de tr\u00e9sorerie.<\/p>\n","protected":false},"excerpt":{"rendered":"<p>Votre client paiera-t-il votre facture\u00a0dans les temps ? C\u2019est loin d\u2019\u00eatre gagn\u00e9. En Belgique, de nombreuses entreprises \u00ab\u00a0laissent\u00a0\u00bb encore trainer leurs factures : ainsi 30\u00a0% d\u2019entre elles sont r\u00e9gl\u00e9es apr\u00e8s \u00e9ch\u00e9ance. Des d\u00e9lais de paiement qui finissent par peser lourdement sur votre tr\u00e9sorerie.\u00a0 Vous livrez votre client et pr\u00e9parez soigneusement votre facture. Vous avez effectu\u00e9 [&hellip;]<\/p>\n","protected":false},"author":4,"featured_media":1483,"comment_status":"open","ping_status":"open","sticky":false,"template":"","format":"standard","meta":{"_acf_changed":false,"footnotes":""},"categories":[14,209],"tags":[],"class_list":["post-2307","post","type-post","status-publish","format-standard","has-post-thumbnail","hentry","category-customer-management","category-gestions-des-clients-fr-be"],"acf":[],"yoast_head":"<!-- This site is optimized with the Yoast SEO Premium plugin v27.1 (Yoast SEO v27.5) - https:\/\/yoast.com\/product\/yoast-seo-premium-wordpress\/ -->\n<title>Le retard de paiement au sein des PME belges | Edebex<\/title>\n<meta name=\"description\" content=\"En Belgique, de nombreuses entreprises \u00ab\u00a0laissent\u00a0\u00bb encore trainer leurs factures : ainsi 30\u00a0% d\u2019entre elles sont r\u00e9gl\u00e9es apr\u00e8s \u00e9ch\u00e9ance.\" \/>\n<meta name=\"robots\" content=\"index, follow, max-snippet:-1, max-image-preview:large, max-video-preview:-1\" \/>\n<link rel=\"canonical\" href=\"https:\/\/edebex.com\/fr-be\/blog\/le-retard-de-paiement-au-sein-des-pme-belges\/\" \/>\n<meta property=\"og:locale\" content=\"fr_FR\" \/>\n<meta property=\"og:type\" content=\"article\" \/>\n<meta property=\"og:title\" content=\"Le retard de paiement au sein des PME belges\" \/>\n<meta property=\"og:description\" content=\"En Belgique, de nombreuses entreprises \u00ab\u00a0laissent\u00a0\u00bb encore trainer leurs factures : ainsi 30\u00a0% d\u2019entre elles sont r\u00e9gl\u00e9es apr\u00e8s \u00e9ch\u00e9ance.\" \/>\n<meta property=\"og:url\" content=\"https:\/\/edebex.com\/fr-be\/blog\/le-retard-de-paiement-au-sein-des-pme-belges\/\" \/>\n<meta property=\"og:site_name\" content=\"edebex\" \/>\n<meta property=\"article:publisher\" content=\"https:\/\/www.facebook.com\/Edebex\" \/>\n<meta property=\"article:published_time\" content=\"2020-01-22T14:39:47+00:00\" \/>\n<meta property=\"article:modified_time\" content=\"2021-01-22T13:10:05+00:00\" \/>\n<meta property=\"og:image\" content=\"https:\/\/edebex.com\/wp-content\/uploads\/2017\/12\/money-1439125_1920.jpg\" \/>\n\t<meta property=\"og:image:width\" content=\"1920\" \/>\n\t<meta property=\"og:image:height\" content=\"1280\" \/>\n\t<meta property=\"og:image:type\" content=\"image\/jpeg\" \/>\n<meta name=\"author\" content=\"marketing intern 2\" \/>\n<meta name=\"twitter:card\" content=\"summary_large_image\" \/>\n<meta name=\"twitter:creator\" content=\"@edebex\" \/>\n<meta name=\"twitter:site\" content=\"@edebex\" \/>\n<meta name=\"twitter:label1\" content=\"\u00c9crit par\" \/>\n\t<meta name=\"twitter:data1\" content=\"marketing intern 2\" \/>\n\t<meta name=\"twitter:label2\" content=\"Dur\u00e9e de lecture est.\" \/>\n\t<meta name=\"twitter:data2\" content=\"4 minutes\" \/>\n<script type=\"application\/ld+json\" class=\"yoast-schema-graph\">{\"@context\":\"https:\\\/\\\/schema.org\",\"@graph\":[{\"@type\":\"Article\",\"@id\":\"https:\\\/\\\/edebex.com\\\/fr-be\\\/blog\\\/le-retard-de-paiement-au-sein-des-pme-belges\\\/#article\",\"isPartOf\":{\"@id\":\"https:\\\/\\\/edebex.com\\\/fr-be\\\/blog\\\/le-retard-de-paiement-au-sein-des-pme-belges\\\/\"},\"author\":{\"name\":\"marketing intern 2\",\"@id\":\"https:\\\/\\\/edebex.com\\\/fr-be\\\/#\\\/schema\\\/person\\\/2e6c66bcddfee6fad192582a126dd021\"},\"headline\":\"Le retard de paiement au sein des PME belges\",\"datePublished\":\"2020-01-22T14:39:47+00:00\",\"dateModified\":\"2021-01-22T13:10:05+00:00\",\"mainEntityOfPage\":{\"@id\":\"https:\\\/\\\/edebex.com\\\/fr-be\\\/blog\\\/le-retard-de-paiement-au-sein-des-pme-belges\\\/\"},\"wordCount\":729,\"commentCount\":0,\"publisher\":{\"@id\":\"https:\\\/\\\/edebex.com\\\/fr-be\\\/#organization\"},\"image\":{\"@id\":\"https:\\\/\\\/edebex.com\\\/fr-be\\\/blog\\\/le-retard-de-paiement-au-sein-des-pme-belges\\\/#primaryimage\"},\"thumbnailUrl\":\"https:\\\/\\\/edebex.com\\\/wp-content\\\/uploads\\\/2017\\\/12\\\/money-1439125_1920.jpg\",\"articleSection\":[\"Customer management\",\"Gestion des clients\"],\"inLanguage\":\"fr-BE\",\"potentialAction\":[{\"@type\":\"CommentAction\",\"name\":\"Comment\",\"target\":[\"https:\\\/\\\/edebex.com\\\/fr-be\\\/blog\\\/le-retard-de-paiement-au-sein-des-pme-belges\\\/#respond\"]}]},{\"@type\":\"WebPage\",\"@id\":\"https:\\\/\\\/edebex.com\\\/fr-be\\\/blog\\\/le-retard-de-paiement-au-sein-des-pme-belges\\\/\",\"url\":\"https:\\\/\\\/edebex.com\\\/fr-be\\\/blog\\\/le-retard-de-paiement-au-sein-des-pme-belges\\\/\",\"name\":\"Le retard de paiement au sein des PME belges | Edebex\",\"isPartOf\":{\"@id\":\"https:\\\/\\\/edebex.com\\\/fr-be\\\/#website\"},\"primaryImageOfPage\":{\"@id\":\"https:\\\/\\\/edebex.com\\\/fr-be\\\/blog\\\/le-retard-de-paiement-au-sein-des-pme-belges\\\/#primaryimage\"},\"image\":{\"@id\":\"https:\\\/\\\/edebex.com\\\/fr-be\\\/blog\\\/le-retard-de-paiement-au-sein-des-pme-belges\\\/#primaryimage\"},\"thumbnailUrl\":\"https:\\\/\\\/edebex.com\\\/wp-content\\\/uploads\\\/2017\\\/12\\\/money-1439125_1920.jpg\",\"datePublished\":\"2020-01-22T14:39:47+00:00\",\"dateModified\":\"2021-01-22T13:10:05+00:00\",\"description\":\"En Belgique, de nombreuses entreprises \u00ab\u00a0laissent\u00a0\u00bb encore trainer leurs factures : ainsi 30\u00a0% d\u2019entre elles sont r\u00e9gl\u00e9es apr\u00e8s \u00e9ch\u00e9ance.\",\"breadcrumb\":{\"@id\":\"https:\\\/\\\/edebex.com\\\/fr-be\\\/blog\\\/le-retard-de-paiement-au-sein-des-pme-belges\\\/#breadcrumb\"},\"inLanguage\":\"fr-BE\",\"potentialAction\":[{\"@type\":\"ReadAction\",\"target\":[\"https:\\\/\\\/edebex.com\\\/fr-be\\\/blog\\\/le-retard-de-paiement-au-sein-des-pme-belges\\\/\"]}]},{\"@type\":\"ImageObject\",\"inLanguage\":\"fr-BE\",\"@id\":\"https:\\\/\\\/edebex.com\\\/fr-be\\\/blog\\\/le-retard-de-paiement-au-sein-des-pme-belges\\\/#primaryimage\",\"url\":\"https:\\\/\\\/edebex.com\\\/wp-content\\\/uploads\\\/2017\\\/12\\\/money-1439125_1920.jpg\",\"contentUrl\":\"https:\\\/\\\/edebex.com\\\/wp-content\\\/uploads\\\/2017\\\/12\\\/money-1439125_1920.jpg\",\"width\":1920,\"height\":1280,\"caption\":\"Laattijdige betalingen\"},{\"@type\":\"BreadcrumbList\",\"@id\":\"https:\\\/\\\/edebex.com\\\/fr-be\\\/blog\\\/le-retard-de-paiement-au-sein-des-pme-belges\\\/#breadcrumb\",\"itemListElement\":[{\"@type\":\"ListItem\",\"position\":1,\"name\":\"Home\",\"item\":\"https:\\\/\\\/edebex.com\\\/fr-be\\\/\"},{\"@type\":\"ListItem\",\"position\":2,\"name\":\"Le retard de paiement au sein des PME belges\"}]},{\"@type\":\"WebSite\",\"@id\":\"https:\\\/\\\/edebex.com\\\/fr-be\\\/#website\",\"url\":\"https:\\\/\\\/edebex.com\\\/fr-be\\\/\",\"name\":\"edebex - The digital alternative to factoring\",\"description\":\"beta\",\"publisher\":{\"@id\":\"https:\\\/\\\/edebex.com\\\/fr-be\\\/#organization\"},\"potentialAction\":[{\"@type\":\"SearchAction\",\"target\":{\"@type\":\"EntryPoint\",\"urlTemplate\":\"https:\\\/\\\/edebex.com\\\/fr-be\\\/?s={search_term_string}\"},\"query-input\":{\"@type\":\"PropertyValueSpecification\",\"valueRequired\":true,\"valueName\":\"search_term_string\"}}],\"inLanguage\":\"fr-BE\"},{\"@type\":\"Organization\",\"@id\":\"https:\\\/\\\/edebex.com\\\/fr-be\\\/#organization\",\"name\":\"Edebex\",\"url\":\"https:\\\/\\\/edebex.com\\\/fr-be\\\/\",\"logo\":{\"@type\":\"ImageObject\",\"inLanguage\":\"fr-BE\",\"@id\":\"https:\\\/\\\/edebex.com\\\/fr-be\\\/#\\\/schema\\\/logo\\\/image\\\/\",\"url\":\"https:\\\/\\\/edebex.com\\\/wp-content\\\/uploads\\\/2019\\\/12\\\/logo-edebex.png\",\"contentUrl\":\"https:\\\/\\\/edebex.com\\\/wp-content\\\/uploads\\\/2019\\\/12\\\/logo-edebex.png\",\"width\":464,\"height\":216,\"caption\":\"Edebex\"},\"image\":{\"@id\":\"https:\\\/\\\/edebex.com\\\/fr-be\\\/#\\\/schema\\\/logo\\\/image\\\/\"},\"sameAs\":[\"https:\\\/\\\/www.facebook.com\\\/Edebex\",\"https:\\\/\\\/x.com\\\/edebex\",\"https:\\\/\\\/www.instagram.com\\\/edebex_off\\\/\",\"https:\\\/\\\/www.linkedin.com\\\/company\\\/edebex\\\/\",\"https:\\\/\\\/www.youtube.com\\\/channel\\\/UC7KdkFY6t-CJvz5l6tTFAlw\"]},{\"@type\":\"Person\",\"@id\":\"https:\\\/\\\/edebex.com\\\/fr-be\\\/#\\\/schema\\\/person\\\/2e6c66bcddfee6fad192582a126dd021\",\"name\":\"marketing intern 2\",\"image\":{\"@type\":\"ImageObject\",\"inLanguage\":\"fr-BE\",\"@id\":\"https:\\\/\\\/secure.gravatar.com\\\/avatar\\\/ac478fcdbb2c06218c09daa92158a75ad2e51ff29f99cf22643fc781fe7c62c8?s=96&d=mm&r=g\",\"url\":\"https:\\\/\\\/secure.gravatar.com\\\/avatar\\\/ac478fcdbb2c06218c09daa92158a75ad2e51ff29f99cf22643fc781fe7c62c8?s=96&d=mm&r=g\",\"contentUrl\":\"https:\\\/\\\/secure.gravatar.com\\\/avatar\\\/ac478fcdbb2c06218c09daa92158a75ad2e51ff29f99cf22643fc781fe7c62c8?s=96&d=mm&r=g\",\"caption\":\"marketing intern 2\"},\"url\":\"https:\\\/\\\/edebex.com\\\/fr-be\\\/blog\\\/author\\\/marketing-intern-2\\\/\"}]}<\/script>\n<!-- \/ Yoast SEO Premium plugin. -->","yoast_head_json":{"title":"Le retard de paiement au sein des PME belges | Edebex","description":"En Belgique, de nombreuses entreprises \u00ab\u00a0laissent\u00a0\u00bb encore trainer leurs factures : ainsi 30\u00a0% d\u2019entre elles sont r\u00e9gl\u00e9es apr\u00e8s \u00e9ch\u00e9ance.","robots":{"index":"index","follow":"follow","max-snippet":"max-snippet:-1","max-image-preview":"max-image-preview:large","max-video-preview":"max-video-preview:-1"},"canonical":"https:\/\/edebex.com\/fr-be\/blog\/le-retard-de-paiement-au-sein-des-pme-belges\/","og_locale":"fr_FR","og_type":"article","og_title":"Le retard de paiement au sein des PME belges","og_description":"En Belgique, de nombreuses entreprises \u00ab\u00a0laissent\u00a0\u00bb encore trainer leurs factures : ainsi 30\u00a0% d\u2019entre elles sont r\u00e9gl\u00e9es apr\u00e8s \u00e9ch\u00e9ance.","og_url":"https:\/\/edebex.com\/fr-be\/blog\/le-retard-de-paiement-au-sein-des-pme-belges\/","og_site_name":"edebex","article_publisher":"https:\/\/www.facebook.com\/Edebex","article_published_time":"2020-01-22T14:39:47+00:00","article_modified_time":"2021-01-22T13:10:05+00:00","og_image":[{"width":1920,"height":1280,"url":"https:\/\/edebex.com\/wp-content\/uploads\/2017\/12\/money-1439125_1920.jpg","type":"image\/jpeg"}],"author":"marketing intern 2","twitter_card":"summary_large_image","twitter_creator":"@edebex","twitter_site":"@edebex","twitter_misc":{"\u00c9crit par":"marketing intern 2","Dur\u00e9e de lecture est.":"4 minutes"},"schema":{"@context":"https:\/\/schema.org","@graph":[{"@type":"Article","@id":"https:\/\/edebex.com\/fr-be\/blog\/le-retard-de-paiement-au-sein-des-pme-belges\/#article","isPartOf":{"@id":"https:\/\/edebex.com\/fr-be\/blog\/le-retard-de-paiement-au-sein-des-pme-belges\/"},"author":{"name":"marketing intern 2","@id":"https:\/\/edebex.com\/fr-be\/#\/schema\/person\/2e6c66bcddfee6fad192582a126dd021"},"headline":"Le retard de paiement au sein des PME belges","datePublished":"2020-01-22T14:39:47+00:00","dateModified":"2021-01-22T13:10:05+00:00","mainEntityOfPage":{"@id":"https:\/\/edebex.com\/fr-be\/blog\/le-retard-de-paiement-au-sein-des-pme-belges\/"},"wordCount":729,"commentCount":0,"publisher":{"@id":"https:\/\/edebex.com\/fr-be\/#organization"},"image":{"@id":"https:\/\/edebex.com\/fr-be\/blog\/le-retard-de-paiement-au-sein-des-pme-belges\/#primaryimage"},"thumbnailUrl":"https:\/\/edebex.com\/wp-content\/uploads\/2017\/12\/money-1439125_1920.jpg","articleSection":["Customer management","Gestion des clients"],"inLanguage":"fr-BE","potentialAction":[{"@type":"CommentAction","name":"Comment","target":["https:\/\/edebex.com\/fr-be\/blog\/le-retard-de-paiement-au-sein-des-pme-belges\/#respond"]}]},{"@type":"WebPage","@id":"https:\/\/edebex.com\/fr-be\/blog\/le-retard-de-paiement-au-sein-des-pme-belges\/","url":"https:\/\/edebex.com\/fr-be\/blog\/le-retard-de-paiement-au-sein-des-pme-belges\/","name":"Le retard de paiement au sein des PME belges | Edebex","isPartOf":{"@id":"https:\/\/edebex.com\/fr-be\/#website"},"primaryImageOfPage":{"@id":"https:\/\/edebex.com\/fr-be\/blog\/le-retard-de-paiement-au-sein-des-pme-belges\/#primaryimage"},"image":{"@id":"https:\/\/edebex.com\/fr-be\/blog\/le-retard-de-paiement-au-sein-des-pme-belges\/#primaryimage"},"thumbnailUrl":"https:\/\/edebex.com\/wp-content\/uploads\/2017\/12\/money-1439125_1920.jpg","datePublished":"2020-01-22T14:39:47+00:00","dateModified":"2021-01-22T13:10:05+00:00","description":"En Belgique, de nombreuses entreprises \u00ab\u00a0laissent\u00a0\u00bb encore trainer leurs factures : ainsi 30\u00a0% d\u2019entre elles sont r\u00e9gl\u00e9es apr\u00e8s \u00e9ch\u00e9ance.","breadcrumb":{"@id":"https:\/\/edebex.com\/fr-be\/blog\/le-retard-de-paiement-au-sein-des-pme-belges\/#breadcrumb"},"inLanguage":"fr-BE","potentialAction":[{"@type":"ReadAction","target":["https:\/\/edebex.com\/fr-be\/blog\/le-retard-de-paiement-au-sein-des-pme-belges\/"]}]},{"@type":"ImageObject","inLanguage":"fr-BE","@id":"https:\/\/edebex.com\/fr-be\/blog\/le-retard-de-paiement-au-sein-des-pme-belges\/#primaryimage","url":"https:\/\/edebex.com\/wp-content\/uploads\/2017\/12\/money-1439125_1920.jpg","contentUrl":"https:\/\/edebex.com\/wp-content\/uploads\/2017\/12\/money-1439125_1920.jpg","width":1920,"height":1280,"caption":"Laattijdige betalingen"},{"@type":"BreadcrumbList","@id":"https:\/\/edebex.com\/fr-be\/blog\/le-retard-de-paiement-au-sein-des-pme-belges\/#breadcrumb","itemListElement":[{"@type":"ListItem","position":1,"name":"Home","item":"https:\/\/edebex.com\/fr-be\/"},{"@type":"ListItem","position":2,"name":"Le retard de paiement au sein des PME belges"}]},{"@type":"WebSite","@id":"https:\/\/edebex.com\/fr-be\/#website","url":"https:\/\/edebex.com\/fr-be\/","name":"edebex - The digital alternative to factoring","description":"beta","publisher":{"@id":"https:\/\/edebex.com\/fr-be\/#organization"},"potentialAction":[{"@type":"SearchAction","target":{"@type":"EntryPoint","urlTemplate":"https:\/\/edebex.com\/fr-be\/?s={search_term_string}"},"query-input":{"@type":"PropertyValueSpecification","valueRequired":true,"valueName":"search_term_string"}}],"inLanguage":"fr-BE"},{"@type":"Organization","@id":"https:\/\/edebex.com\/fr-be\/#organization","name":"Edebex","url":"https:\/\/edebex.com\/fr-be\/","logo":{"@type":"ImageObject","inLanguage":"fr-BE","@id":"https:\/\/edebex.com\/fr-be\/#\/schema\/logo\/image\/","url":"https:\/\/edebex.com\/wp-content\/uploads\/2019\/12\/logo-edebex.png","contentUrl":"https:\/\/edebex.com\/wp-content\/uploads\/2019\/12\/logo-edebex.png","width":464,"height":216,"caption":"Edebex"},"image":{"@id":"https:\/\/edebex.com\/fr-be\/#\/schema\/logo\/image\/"},"sameAs":["https:\/\/www.facebook.com\/Edebex","https:\/\/x.com\/edebex","https:\/\/www.instagram.com\/edebex_off\/","https:\/\/www.linkedin.com\/company\/edebex\/","https:\/\/www.youtube.com\/channel\/UC7KdkFY6t-CJvz5l6tTFAlw"]},{"@type":"Person","@id":"https:\/\/edebex.com\/fr-be\/#\/schema\/person\/2e6c66bcddfee6fad192582a126dd021","name":"marketing intern 2","image":{"@type":"ImageObject","inLanguage":"fr-BE","@id":"https:\/\/secure.gravatar.com\/avatar\/ac478fcdbb2c06218c09daa92158a75ad2e51ff29f99cf22643fc781fe7c62c8?s=96&d=mm&r=g","url":"https:\/\/secure.gravatar.com\/avatar\/ac478fcdbb2c06218c09daa92158a75ad2e51ff29f99cf22643fc781fe7c62c8?s=96&d=mm&r=g","contentUrl":"https:\/\/secure.gravatar.com\/avatar\/ac478fcdbb2c06218c09daa92158a75ad2e51ff29f99cf22643fc781fe7c62c8?s=96&d=mm&r=g","caption":"marketing intern 2"},"url":"https:\/\/edebex.com\/fr-be\/blog\/author\/marketing-intern-2\/"}]}},"_links":{"self":[{"href":"https:\/\/edebex.com\/fr-be\/wp-json\/wp\/v2\/posts\/2307","targetHints":{"allow":["GET"]}}],"collection":[{"href":"https:\/\/edebex.com\/fr-be\/wp-json\/wp\/v2\/posts"}],"about":[{"href":"https:\/\/edebex.com\/fr-be\/wp-json\/wp\/v2\/types\/post"}],"author":[{"embeddable":true,"href":"https:\/\/edebex.com\/fr-be\/wp-json\/wp\/v2\/users\/4"}],"replies":[{"embeddable":true,"href":"https:\/\/edebex.com\/fr-be\/wp-json\/wp\/v2\/comments?post=2307"}],"version-history":[{"count":6,"href":"https:\/\/edebex.com\/fr-be\/wp-json\/wp\/v2\/posts\/2307\/revisions"}],"predecessor-version":[{"id":6165,"href":"https:\/\/edebex.com\/fr-be\/wp-json\/wp\/v2\/posts\/2307\/revisions\/6165"}],"wp:featuredmedia":[{"embeddable":true,"href":"https:\/\/edebex.com\/fr-be\/wp-json\/wp\/v2\/media\/1483"}],"wp:attachment":[{"href":"https:\/\/edebex.com\/fr-be\/wp-json\/wp\/v2\/media?parent=2307"}],"wp:term":[{"taxonomy":"category","embeddable":true,"href":"https:\/\/edebex.com\/fr-be\/wp-json\/wp\/v2\/categories?post=2307"},{"taxonomy":"post_tag","embeddable":true,"href":"https:\/\/edebex.com\/fr-be\/wp-json\/wp\/v2\/tags?post=2307"}],"curies":[{"name":"wp","href":"https:\/\/api.w.org\/{rel}","templated":true}]}}