{"id":3991,"date":"2020-08-21T08:22:59","date_gmt":"2020-08-21T08:22:59","guid":{"rendered":"https:\/\/edebex.com\/prenez-soin-de-vos-conditions-generales-de-vente\/"},"modified":"2021-02-11T16:23:36","modified_gmt":"2021-02-11T15:23:36","slug":"prenez-soin-de-vos-conditions-generales-de-vente","status":"publish","type":"post","link":"https:\/\/edebex.com\/fr-be\/blog\/prenez-soin-de-vos-conditions-generales-de-vente\/","title":{"rendered":"Prenez soin de vos conditions g\u00e9n\u00e9rales de vente"},"content":{"rendered":"<p><strong>Qui a dit que les conditions g\u00e9n\u00e9rales de vente (CGV) \u00e9taient fastidieuses, complexes, ind\u00e9chiffrables, voire m\u00eame\u2026 inutiles\u00a0? C\u2019est tout le contraire, elles sont le socle de vos relations commerciales. \u00c0 vous d\u2019en faire un document pr\u00e9cieux\u00a0!<\/strong><\/p>\n<p>Vous jouez \u00e0 un jeu de soci\u00e9t\u00e9. Votre partenaire, mal en point, conteste votre dernier coup\u2026 Comment r\u00e9soudre le d\u00e9saccord naissant ? Vous consultez les r\u00e8gles applicables au dos de la bo\u00eete\u00a0: ces instructions qui encadrent le d\u00e9roulement de la partie, d\u00e9finissent les interactions entre les joueurs et tranchent les divergences. Transposez cela \u00e0 votre activit\u00e9 professionnelle et vous saisissez l\u2019importance des conditions g\u00e9n\u00e9rales de vente (CGV). Un ensemble de clauses juridiques, incontournables pour dessiner les contours de vos relations commerciales, s\u00e9curiser vos affaires, d\u00e9finir les droits et devoirs des parties, et\u00a0<a href=\"https:\/\/edebex.com\/blog\/gestion-des-clients\/conditions-generales-de-vente\">permettre de r\u00e9soudre les conflits<\/a>. Autant de raisons d\u2019\u00e9laborer minutieusement vos propres \u00ab\u00a0r\u00e8gles du jeu\u00a0\u00bb.<\/p>\n<h3><strong>Des CGV plus que recommand\u00e9es<\/strong><\/h3>\n<p>Dans le cadre de vos relations professionnelles, rien ne vous oblige \u00e0 \u00e9tablir ce document. Mais si vous ne d\u00e9finissez pas de \u00ab\u00a0cadre\u00a0\u00bb avec vos clients, la relation contractuelle sera soumise aux dispositions du Code civil. Un r\u00e9gime l\u00e9gal probablement moins adapt\u00e9 et favorable \u00e0 votre situation. Ce serait donc dommage de ne pas tirer parti des conditions g\u00e9n\u00e9rales de vente, un v\u00e9ritable outil pour s\u00e9curiser les \u00e9changes avec votre client\u00a0: le d\u00e9courager de vous payer en retard, faciliter le recouvrement de factures impay\u00e9es, mais aussi lui fournir un maximum d\u2019informations\u00a0:<\/p>\n<ul>\n<li>les conditions de vente\u00a0(modalit\u00e9s de livraison, d\u00e9lai de r\u00e9tractation,\u00a0etc.)\u2009;<\/li>\n<li>les tarifs et les formes de paiement\u2009(acompte, \u00e9tal\u00e9, au comptant, etc.)\u2009;<\/li>\n<li>les garanties propos\u00e9es\u2009;<\/li>\n<li>les\u00a0<a href=\"https:\/\/edebex.com\/blog\/gestion-des-fournisseurs\/gestion-de-tresorerie-comment-negocier-vos-delais-de-paiement-avec-vos-fournisseurs\">d\u00e9lais de paiement<\/a>, les\u00a0<a href=\"https:\/\/edebex.com\/fr-be\/blog\/le-retard-de-paiement-au-sein-des-pme-belges\/\">p\u00e9nalit\u00e9s de retard applicables<\/a>\u00a0en cas d\u2019impay\u00e9 et l\u2019indemnit\u00e9 forfaitaire pour frais de recouvrement\u2009;<\/li>\n<\/ul>\n<h3><strong>Comment r\u00e9diger vos CGV\u00a0?<\/strong><\/h3>\n<p>C\u2019est du sur-mesure\u00a0! Cela doit donc correspondre aux sp\u00e9cificit\u00e9s de votre soci\u00e9t\u00e9, de votre activit\u00e9 et de votre secteur. Le plus commun ? Faire appel \u00e0 un professionnel du droit\u00a0: cela repr\u00e9sente un co\u00fbt, mais vous \u00eates certain de proc\u00e9der dans les r\u00e8gles de l\u2019art. Si vous optez pour une r\u00e9daction \u00ab\u00a0maison\u00a0\u00bb, quelques conseils s\u2019imposent :<\/p>\n<ul>\n<li>Ne partez pas de z\u00e9ro, utilisez un mod\u00e8le (fiable) que vous adaptez \u00e0 vos besoins.<\/li>\n<li>M\u00eame si c\u2019est une mati\u00e8re juridique, rien ne vous emp\u00eache d\u2019opter pour un langage clair, pr\u00e9cis, lisible, voire m\u00eame commercial.<\/li>\n<li>Quelles mentions optionnelles\u00a0? Vous faites \u00e0 votre sauce, en ajoutant les clauses qui vous semblent pertinentes. \u00c0 condition de rester raisonnable et d\u2019\u00e9viter\u00a0<a href=\"https:\/\/economie.fgov.be\/fr\/themes\/ventes\/contrats\/clauses-abusives\">les dispositions interdites ou abusives<\/a>. Par exemple\u00a0:\n<ul>\n<li>Une\u00a0<a href=\"https:\/\/edebex.com\/fr-be\/blog\/reserve-de-propriete-la-securite-face-aux-mauvais-payeurs\/\">clause de r\u00e9serve de propri\u00e9t\u00e9<\/a>\u00a0pour vous prot\u00e9ger contre l\u2019insolvabilit\u00e9 de vos clients\u2009;<\/li>\n<li>Des limites de garantie ou de responsabilit\u00e9 en cas de dommages subis par vos acheteurs\u2009;<\/li>\n<li>Une clause \u00ab\u00a0attributive\u00a0\u00bb pour fixer le tribunal comp\u00e9tent en cas de litige\u2009;<\/li>\n<li>La d\u00e9finition des situations de force majeure qui vous lib\u00e8rent de vos obligations\u2009;<\/li>\n<li>Ou encore les conditions de r\u00e9siliation du contrat.<\/li>\n<\/ul>\n<\/li>\n<li>Un dernier conseil\u00a0: m\u00eame si vous \u00eates dou\u00e9, faites toujours relire vos conditions g\u00e9n\u00e9rales de vente par un pro.<\/li>\n<\/ul>\n<h3><strong>Des CGV visibles et accept\u00e9es<\/strong><\/h3>\n<p>Comme la forme, le mode de communication est libre. Toutefois, en cas de d\u00e9saccord, vous devrez prouver que votre client a eu connaissance des conditions g\u00e9n\u00e9rales de vente et qu\u2019il les a accept\u00e9es. C\u2019est pourquoi il est recommand\u00e9 de les mettre par \u00e9crit et de les \u00ab\u00a0attacher\u00a0\u00bb \u00e0 tous vos supports\u00a0: devis, contrats, factures, bons de commande, outils de communication, site internet, etc. Une signature de votre client au bas du document ou une case explicite coch\u00e9e sont forc\u00e9ment un plus pour attester de son accord.<\/p>\n<p>Si vous faites de l\u2019e-commerce, soyez vigilant, car des \u00e9l\u00e9ments particuliers s\u2019appliquent et l\u2019obligation d\u2019information de vos clients (non professionnels) est renforc\u00e9e. Vous devez, par exemple, les renseigner sur leur droit de r\u00e9tractation (ou de son absence). C\u2019est obligatoire\u00a0! Un doute\u00a0? L\u2019aide d\u2019un professionnel est toujours une bonne id\u00e9e\u2026<\/p>\n","protected":false},"excerpt":{"rendered":"<p>Qui a dit que les conditions g\u00e9n\u00e9rales de vente (CGV) \u00e9taient fastidieuses, complexes, ind\u00e9chiffrables, voire m\u00eame\u2026 inutiles\u00a0? C\u2019est tout le contraire, elles sont le socle de vos relations commerciales. \u00c0 vous d\u2019en faire un document pr\u00e9cieux\u00a0! Vous jouez \u00e0 un jeu de soci\u00e9t\u00e9. Votre partenaire, mal en point, conteste votre dernier coup\u2026 Comment r\u00e9soudre le [&hellip;]<\/p>\n","protected":false},"author":5,"featured_media":3989,"comment_status":"open","ping_status":"open","sticky":false,"template":"","format":"standard","meta":{"_acf_changed":false,"footnotes":""},"categories":[14],"tags":[],"class_list":["post-3991","post","type-post","status-publish","format-standard","has-post-thumbnail","hentry","category-customer-management"],"acf":[],"yoast_head":"<!-- This site is optimized with the Yoast SEO Premium plugin v27.1 (Yoast SEO v27.5) - https:\/\/yoast.com\/product\/yoast-seo-premium-wordpress\/ -->\n<title>Prenez soin de vos conditions g\u00e9n\u00e9rales de vente | Edebex<\/title>\n<meta name=\"description\" content=\"Les conditions g\u00e9n\u00e9rales de vente (CGV) sont le socle de vos relations commerciales. \u00c0 vous d\u2019en faire un document pr\u00e9cieux !\" \/>\n<meta name=\"robots\" content=\"index, follow, max-snippet:-1, max-image-preview:large, max-video-preview:-1\" \/>\n<link rel=\"canonical\" href=\"https:\/\/edebex.com\/fr-be\/blog\/prenez-soin-de-vos-conditions-generales-de-vente\/\" \/>\n<meta property=\"og:locale\" content=\"fr_FR\" \/>\n<meta property=\"og:type\" content=\"article\" \/>\n<meta property=\"og:title\" content=\"Prenez soin de vos conditions g\u00e9n\u00e9rales de vente\" \/>\n<meta property=\"og:description\" content=\"Les conditions g\u00e9n\u00e9rales de vente (CGV) sont le socle de vos relations commerciales. \u00c0 vous d\u2019en faire un document pr\u00e9cieux !\" \/>\n<meta property=\"og:url\" content=\"https:\/\/edebex.com\/fr-be\/blog\/prenez-soin-de-vos-conditions-generales-de-vente\/\" \/>\n<meta property=\"og:site_name\" content=\"edebex\" \/>\n<meta property=\"article:publisher\" content=\"https:\/\/www.facebook.com\/Edebex\" \/>\n<meta property=\"article:published_time\" content=\"2020-08-21T08:22:59+00:00\" \/>\n<meta property=\"article:modified_time\" content=\"2021-02-11T15:23:36+00:00\" \/>\n<meta property=\"og:image\" content=\"https:\/\/edebex.com\/wp-content\/uploads\/2020\/08\/pic-gc.jpg\" \/>\n\t<meta property=\"og:image:width\" content=\"1926\" \/>\n\t<meta property=\"og:image:height\" content=\"2560\" \/>\n\t<meta property=\"og:image:type\" content=\"image\/jpeg\" \/>\n<meta name=\"author\" content=\"corinna\" \/>\n<meta name=\"twitter:card\" content=\"summary_large_image\" \/>\n<meta name=\"twitter:creator\" content=\"@edebex\" \/>\n<meta name=\"twitter:site\" content=\"@edebex\" \/>\n<meta name=\"twitter:label1\" content=\"\u00c9crit par\" \/>\n\t<meta name=\"twitter:data1\" content=\"corinna\" \/>\n\t<meta name=\"twitter:label2\" content=\"Dur\u00e9e de lecture est.\" \/>\n\t<meta name=\"twitter:data2\" content=\"4 minutes\" \/>\n<script type=\"application\/ld+json\" class=\"yoast-schema-graph\">{\"@context\":\"https:\\\/\\\/schema.org\",\"@graph\":[{\"@type\":\"Article\",\"@id\":\"https:\\\/\\\/edebex.com\\\/fr-be\\\/blog\\\/prenez-soin-de-vos-conditions-generales-de-vente\\\/#article\",\"isPartOf\":{\"@id\":\"https:\\\/\\\/edebex.com\\\/fr-be\\\/blog\\\/prenez-soin-de-vos-conditions-generales-de-vente\\\/\"},\"author\":{\"name\":\"corinna\",\"@id\":\"https:\\\/\\\/edebex.com\\\/fr-be\\\/#\\\/schema\\\/person\\\/b96b5328fa0e3315f119eb6749097658\"},\"headline\":\"Prenez soin de vos conditions g\u00e9n\u00e9rales de vente\",\"datePublished\":\"2020-08-21T08:22:59+00:00\",\"dateModified\":\"2021-02-11T15:23:36+00:00\",\"mainEntityOfPage\":{\"@id\":\"https:\\\/\\\/edebex.com\\\/fr-be\\\/blog\\\/prenez-soin-de-vos-conditions-generales-de-vente\\\/\"},\"wordCount\":722,\"commentCount\":0,\"publisher\":{\"@id\":\"https:\\\/\\\/edebex.com\\\/fr-be\\\/#organization\"},\"image\":{\"@id\":\"https:\\\/\\\/edebex.com\\\/fr-be\\\/blog\\\/prenez-soin-de-vos-conditions-generales-de-vente\\\/#primaryimage\"},\"thumbnailUrl\":\"https:\\\/\\\/edebex.com\\\/wp-content\\\/uploads\\\/2020\\\/08\\\/pic-gc.jpg\",\"articleSection\":[\"Customer management\"],\"inLanguage\":\"fr-BE\",\"potentialAction\":[{\"@type\":\"CommentAction\",\"name\":\"Comment\",\"target\":[\"https:\\\/\\\/edebex.com\\\/fr-be\\\/blog\\\/prenez-soin-de-vos-conditions-generales-de-vente\\\/#respond\"]}]},{\"@type\":\"WebPage\",\"@id\":\"https:\\\/\\\/edebex.com\\\/fr-be\\\/blog\\\/prenez-soin-de-vos-conditions-generales-de-vente\\\/\",\"url\":\"https:\\\/\\\/edebex.com\\\/fr-be\\\/blog\\\/prenez-soin-de-vos-conditions-generales-de-vente\\\/\",\"name\":\"Prenez soin de vos conditions g\u00e9n\u00e9rales de vente | Edebex\",\"isPartOf\":{\"@id\":\"https:\\\/\\\/edebex.com\\\/fr-be\\\/#website\"},\"primaryImageOfPage\":{\"@id\":\"https:\\\/\\\/edebex.com\\\/fr-be\\\/blog\\\/prenez-soin-de-vos-conditions-generales-de-vente\\\/#primaryimage\"},\"image\":{\"@id\":\"https:\\\/\\\/edebex.com\\\/fr-be\\\/blog\\\/prenez-soin-de-vos-conditions-generales-de-vente\\\/#primaryimage\"},\"thumbnailUrl\":\"https:\\\/\\\/edebex.com\\\/wp-content\\\/uploads\\\/2020\\\/08\\\/pic-gc.jpg\",\"datePublished\":\"2020-08-21T08:22:59+00:00\",\"dateModified\":\"2021-02-11T15:23:36+00:00\",\"description\":\"Les conditions g\u00e9n\u00e9rales de vente (CGV) sont le socle de vos relations commerciales. \u00c0 vous d\u2019en faire un document pr\u00e9cieux !\",\"breadcrumb\":{\"@id\":\"https:\\\/\\\/edebex.com\\\/fr-be\\\/blog\\\/prenez-soin-de-vos-conditions-generales-de-vente\\\/#breadcrumb\"},\"inLanguage\":\"fr-BE\",\"potentialAction\":[{\"@type\":\"ReadAction\",\"target\":[\"https:\\\/\\\/edebex.com\\\/fr-be\\\/blog\\\/prenez-soin-de-vos-conditions-generales-de-vente\\\/\"]}]},{\"@type\":\"ImageObject\",\"inLanguage\":\"fr-BE\",\"@id\":\"https:\\\/\\\/edebex.com\\\/fr-be\\\/blog\\\/prenez-soin-de-vos-conditions-generales-de-vente\\\/#primaryimage\",\"url\":\"https:\\\/\\\/edebex.com\\\/wp-content\\\/uploads\\\/2020\\\/08\\\/pic-gc.jpg\",\"contentUrl\":\"https:\\\/\\\/edebex.com\\\/wp-content\\\/uploads\\\/2020\\\/08\\\/pic-gc.jpg\",\"width\":1926,\"height\":2560,\"caption\":\"cgv\"},{\"@type\":\"BreadcrumbList\",\"@id\":\"https:\\\/\\\/edebex.com\\\/fr-be\\\/blog\\\/prenez-soin-de-vos-conditions-generales-de-vente\\\/#breadcrumb\",\"itemListElement\":[{\"@type\":\"ListItem\",\"position\":1,\"name\":\"Home\",\"item\":\"https:\\\/\\\/edebex.com\\\/fr-be\\\/\"},{\"@type\":\"ListItem\",\"position\":2,\"name\":\"Prenez soin de vos conditions g\u00e9n\u00e9rales de vente\"}]},{\"@type\":\"WebSite\",\"@id\":\"https:\\\/\\\/edebex.com\\\/fr-be\\\/#website\",\"url\":\"https:\\\/\\\/edebex.com\\\/fr-be\\\/\",\"name\":\"edebex - The digital alternative to factoring\",\"description\":\"beta\",\"publisher\":{\"@id\":\"https:\\\/\\\/edebex.com\\\/fr-be\\\/#organization\"},\"potentialAction\":[{\"@type\":\"SearchAction\",\"target\":{\"@type\":\"EntryPoint\",\"urlTemplate\":\"https:\\\/\\\/edebex.com\\\/fr-be\\\/?s={search_term_string}\"},\"query-input\":{\"@type\":\"PropertyValueSpecification\",\"valueRequired\":true,\"valueName\":\"search_term_string\"}}],\"inLanguage\":\"fr-BE\"},{\"@type\":\"Organization\",\"@id\":\"https:\\\/\\\/edebex.com\\\/fr-be\\\/#organization\",\"name\":\"Edebex\",\"url\":\"https:\\\/\\\/edebex.com\\\/fr-be\\\/\",\"logo\":{\"@type\":\"ImageObject\",\"inLanguage\":\"fr-BE\",\"@id\":\"https:\\\/\\\/edebex.com\\\/fr-be\\\/#\\\/schema\\\/logo\\\/image\\\/\",\"url\":\"https:\\\/\\\/edebex.com\\\/wp-content\\\/uploads\\\/2019\\\/12\\\/logo-edebex.png\",\"contentUrl\":\"https:\\\/\\\/edebex.com\\\/wp-content\\\/uploads\\\/2019\\\/12\\\/logo-edebex.png\",\"width\":464,\"height\":216,\"caption\":\"Edebex\"},\"image\":{\"@id\":\"https:\\\/\\\/edebex.com\\\/fr-be\\\/#\\\/schema\\\/logo\\\/image\\\/\"},\"sameAs\":[\"https:\\\/\\\/www.facebook.com\\\/Edebex\",\"https:\\\/\\\/x.com\\\/edebex\",\"https:\\\/\\\/www.instagram.com\\\/edebex_off\\\/\",\"https:\\\/\\\/www.linkedin.com\\\/company\\\/edebex\\\/\",\"https:\\\/\\\/www.youtube.com\\\/channel\\\/UC7KdkFY6t-CJvz5l6tTFAlw\"]},{\"@type\":\"Person\",\"@id\":\"https:\\\/\\\/edebex.com\\\/fr-be\\\/#\\\/schema\\\/person\\\/b96b5328fa0e3315f119eb6749097658\",\"name\":\"corinna\",\"image\":{\"@type\":\"ImageObject\",\"inLanguage\":\"fr-BE\",\"@id\":\"https:\\\/\\\/secure.gravatar.com\\\/avatar\\\/addf757da6da7598682a063eaa30203233202429919ad4a481bca7e76a82436f?s=96&d=mm&r=g\",\"url\":\"https:\\\/\\\/secure.gravatar.com\\\/avatar\\\/addf757da6da7598682a063eaa30203233202429919ad4a481bca7e76a82436f?s=96&d=mm&r=g\",\"contentUrl\":\"https:\\\/\\\/secure.gravatar.com\\\/avatar\\\/addf757da6da7598682a063eaa30203233202429919ad4a481bca7e76a82436f?s=96&d=mm&r=g\",\"caption\":\"corinna\"},\"url\":\"https:\\\/\\\/edebex.com\\\/fr-be\\\/blog\\\/author\\\/corinna\\\/\"}]}<\/script>\n<!-- \/ Yoast SEO Premium plugin. -->","yoast_head_json":{"title":"Prenez soin de vos conditions g\u00e9n\u00e9rales de vente | Edebex","description":"Les conditions g\u00e9n\u00e9rales de vente (CGV) sont le socle de vos relations commerciales. \u00c0 vous d\u2019en faire un document pr\u00e9cieux !","robots":{"index":"index","follow":"follow","max-snippet":"max-snippet:-1","max-image-preview":"max-image-preview:large","max-video-preview":"max-video-preview:-1"},"canonical":"https:\/\/edebex.com\/fr-be\/blog\/prenez-soin-de-vos-conditions-generales-de-vente\/","og_locale":"fr_FR","og_type":"article","og_title":"Prenez soin de vos conditions g\u00e9n\u00e9rales de vente","og_description":"Les conditions g\u00e9n\u00e9rales de vente (CGV) sont le socle de vos relations commerciales. \u00c0 vous d\u2019en faire un document pr\u00e9cieux !","og_url":"https:\/\/edebex.com\/fr-be\/blog\/prenez-soin-de-vos-conditions-generales-de-vente\/","og_site_name":"edebex","article_publisher":"https:\/\/www.facebook.com\/Edebex","article_published_time":"2020-08-21T08:22:59+00:00","article_modified_time":"2021-02-11T15:23:36+00:00","og_image":[{"width":1926,"height":2560,"url":"https:\/\/edebex.com\/wp-content\/uploads\/2020\/08\/pic-gc.jpg","type":"image\/jpeg"}],"author":"corinna","twitter_card":"summary_large_image","twitter_creator":"@edebex","twitter_site":"@edebex","twitter_misc":{"\u00c9crit par":"corinna","Dur\u00e9e de lecture est.":"4 minutes"},"schema":{"@context":"https:\/\/schema.org","@graph":[{"@type":"Article","@id":"https:\/\/edebex.com\/fr-be\/blog\/prenez-soin-de-vos-conditions-generales-de-vente\/#article","isPartOf":{"@id":"https:\/\/edebex.com\/fr-be\/blog\/prenez-soin-de-vos-conditions-generales-de-vente\/"},"author":{"name":"corinna","@id":"https:\/\/edebex.com\/fr-be\/#\/schema\/person\/b96b5328fa0e3315f119eb6749097658"},"headline":"Prenez soin de vos conditions g\u00e9n\u00e9rales de vente","datePublished":"2020-08-21T08:22:59+00:00","dateModified":"2021-02-11T15:23:36+00:00","mainEntityOfPage":{"@id":"https:\/\/edebex.com\/fr-be\/blog\/prenez-soin-de-vos-conditions-generales-de-vente\/"},"wordCount":722,"commentCount":0,"publisher":{"@id":"https:\/\/edebex.com\/fr-be\/#organization"},"image":{"@id":"https:\/\/edebex.com\/fr-be\/blog\/prenez-soin-de-vos-conditions-generales-de-vente\/#primaryimage"},"thumbnailUrl":"https:\/\/edebex.com\/wp-content\/uploads\/2020\/08\/pic-gc.jpg","articleSection":["Customer management"],"inLanguage":"fr-BE","potentialAction":[{"@type":"CommentAction","name":"Comment","target":["https:\/\/edebex.com\/fr-be\/blog\/prenez-soin-de-vos-conditions-generales-de-vente\/#respond"]}]},{"@type":"WebPage","@id":"https:\/\/edebex.com\/fr-be\/blog\/prenez-soin-de-vos-conditions-generales-de-vente\/","url":"https:\/\/edebex.com\/fr-be\/blog\/prenez-soin-de-vos-conditions-generales-de-vente\/","name":"Prenez soin de vos conditions g\u00e9n\u00e9rales de vente | Edebex","isPartOf":{"@id":"https:\/\/edebex.com\/fr-be\/#website"},"primaryImageOfPage":{"@id":"https:\/\/edebex.com\/fr-be\/blog\/prenez-soin-de-vos-conditions-generales-de-vente\/#primaryimage"},"image":{"@id":"https:\/\/edebex.com\/fr-be\/blog\/prenez-soin-de-vos-conditions-generales-de-vente\/#primaryimage"},"thumbnailUrl":"https:\/\/edebex.com\/wp-content\/uploads\/2020\/08\/pic-gc.jpg","datePublished":"2020-08-21T08:22:59+00:00","dateModified":"2021-02-11T15:23:36+00:00","description":"Les conditions g\u00e9n\u00e9rales de vente (CGV) sont le socle de vos relations commerciales. \u00c0 vous d\u2019en faire un document pr\u00e9cieux !","breadcrumb":{"@id":"https:\/\/edebex.com\/fr-be\/blog\/prenez-soin-de-vos-conditions-generales-de-vente\/#breadcrumb"},"inLanguage":"fr-BE","potentialAction":[{"@type":"ReadAction","target":["https:\/\/edebex.com\/fr-be\/blog\/prenez-soin-de-vos-conditions-generales-de-vente\/"]}]},{"@type":"ImageObject","inLanguage":"fr-BE","@id":"https:\/\/edebex.com\/fr-be\/blog\/prenez-soin-de-vos-conditions-generales-de-vente\/#primaryimage","url":"https:\/\/edebex.com\/wp-content\/uploads\/2020\/08\/pic-gc.jpg","contentUrl":"https:\/\/edebex.com\/wp-content\/uploads\/2020\/08\/pic-gc.jpg","width":1926,"height":2560,"caption":"cgv"},{"@type":"BreadcrumbList","@id":"https:\/\/edebex.com\/fr-be\/blog\/prenez-soin-de-vos-conditions-generales-de-vente\/#breadcrumb","itemListElement":[{"@type":"ListItem","position":1,"name":"Home","item":"https:\/\/edebex.com\/fr-be\/"},{"@type":"ListItem","position":2,"name":"Prenez soin de vos conditions g\u00e9n\u00e9rales de vente"}]},{"@type":"WebSite","@id":"https:\/\/edebex.com\/fr-be\/#website","url":"https:\/\/edebex.com\/fr-be\/","name":"edebex - The digital alternative to factoring","description":"beta","publisher":{"@id":"https:\/\/edebex.com\/fr-be\/#organization"},"potentialAction":[{"@type":"SearchAction","target":{"@type":"EntryPoint","urlTemplate":"https:\/\/edebex.com\/fr-be\/?s={search_term_string}"},"query-input":{"@type":"PropertyValueSpecification","valueRequired":true,"valueName":"search_term_string"}}],"inLanguage":"fr-BE"},{"@type":"Organization","@id":"https:\/\/edebex.com\/fr-be\/#organization","name":"Edebex","url":"https:\/\/edebex.com\/fr-be\/","logo":{"@type":"ImageObject","inLanguage":"fr-BE","@id":"https:\/\/edebex.com\/fr-be\/#\/schema\/logo\/image\/","url":"https:\/\/edebex.com\/wp-content\/uploads\/2019\/12\/logo-edebex.png","contentUrl":"https:\/\/edebex.com\/wp-content\/uploads\/2019\/12\/logo-edebex.png","width":464,"height":216,"caption":"Edebex"},"image":{"@id":"https:\/\/edebex.com\/fr-be\/#\/schema\/logo\/image\/"},"sameAs":["https:\/\/www.facebook.com\/Edebex","https:\/\/x.com\/edebex","https:\/\/www.instagram.com\/edebex_off\/","https:\/\/www.linkedin.com\/company\/edebex\/","https:\/\/www.youtube.com\/channel\/UC7KdkFY6t-CJvz5l6tTFAlw"]},{"@type":"Person","@id":"https:\/\/edebex.com\/fr-be\/#\/schema\/person\/b96b5328fa0e3315f119eb6749097658","name":"corinna","image":{"@type":"ImageObject","inLanguage":"fr-BE","@id":"https:\/\/secure.gravatar.com\/avatar\/addf757da6da7598682a063eaa30203233202429919ad4a481bca7e76a82436f?s=96&d=mm&r=g","url":"https:\/\/secure.gravatar.com\/avatar\/addf757da6da7598682a063eaa30203233202429919ad4a481bca7e76a82436f?s=96&d=mm&r=g","contentUrl":"https:\/\/secure.gravatar.com\/avatar\/addf757da6da7598682a063eaa30203233202429919ad4a481bca7e76a82436f?s=96&d=mm&r=g","caption":"corinna"},"url":"https:\/\/edebex.com\/fr-be\/blog\/author\/corinna\/"}]}},"_links":{"self":[{"href":"https:\/\/edebex.com\/fr-be\/wp-json\/wp\/v2\/posts\/3991","targetHints":{"allow":["GET"]}}],"collection":[{"href":"https:\/\/edebex.com\/fr-be\/wp-json\/wp\/v2\/posts"}],"about":[{"href":"https:\/\/edebex.com\/fr-be\/wp-json\/wp\/v2\/types\/post"}],"author":[{"embeddable":true,"href":"https:\/\/edebex.com\/fr-be\/wp-json\/wp\/v2\/users\/5"}],"replies":[{"embeddable":true,"href":"https:\/\/edebex.com\/fr-be\/wp-json\/wp\/v2\/comments?post=3991"}],"version-history":[{"count":3,"href":"https:\/\/edebex.com\/fr-be\/wp-json\/wp\/v2\/posts\/3991\/revisions"}],"predecessor-version":[{"id":6419,"href":"https:\/\/edebex.com\/fr-be\/wp-json\/wp\/v2\/posts\/3991\/revisions\/6419"}],"wp:featuredmedia":[{"embeddable":true,"href":"https:\/\/edebex.com\/fr-be\/wp-json\/wp\/v2\/media\/3989"}],"wp:attachment":[{"href":"https:\/\/edebex.com\/fr-be\/wp-json\/wp\/v2\/media?parent=3991"}],"wp:term":[{"taxonomy":"category","embeddable":true,"href":"https:\/\/edebex.com\/fr-be\/wp-json\/wp\/v2\/categories?post=3991"},{"taxonomy":"post_tag","embeddable":true,"href":"https:\/\/edebex.com\/fr-be\/wp-json\/wp\/v2\/tags?post=3991"}],"curies":[{"name":"wp","href":"https:\/\/api.w.org\/{rel}","templated":true}]}}